{"id":39511,"date":"2018-02-01T14:34:33","date_gmt":"2018-02-01T17:34:33","guid":{"rendered":"http:\/\/caririemacao.com\/1\/?p=39511"},"modified":"2018-02-01T14:34:33","modified_gmt":"2018-02-01T17:34:33","slug":"prefeito-eden-e-vereadores-participam-de-entrega-de-equipamentos-do-procase-em-associacao-rural-de-sume-2","status":"publish","type":"post","link":"https:\/\/www.caririemacao.com\/1\/2018\/02\/01\/prefeito-eden-e-vereadores-participam-de-entrega-de-equipamentos-do-procase-em-associacao-rural-de-sume-2\/","title":{"rendered":"Prefeito \u00c9den e vereadores participam de entrega de equipamentos do Procase em associa\u00e7\u00e3o rural de Sum\u00e9"},"content":{"rendered":"<p>A comunidade rural do Assentamento Mandacaru, da Associa\u00e7\u00e3o Alvorada, zona rural de Sum\u00e9, recebeu na ter\u00e7a-feira (30\/01) alguns equipamentos agr\u00edcolas entregues pelo Projeto de Desenvolvimento Sustent\u00e1vel do Cariri, Serid\u00f3 e Curimata\u00fa (Procase).<\/p>\n<p>Objetivando incentivar a produ\u00e7\u00e3o e o armazenamento de forragem, os associados receberam uma caixa d\u2019\u00e1gua de fibra de vidro de cinco mil litros, uma bomba submersa, uma enfardadeira, uma ensiladeira acopl\u00e1vel ao trator, um silo tipo cincho e uma ro\u00e7adeira costal motorizada. Esses equipamentos integram o projeto produtivo apoiado pelo Procase.<\/p>\n<p>A entrega foi feita pela equipe do Procase e tamb\u00e9m teve a participa\u00e7\u00e3o do prefeito de Sum\u00e9, \u00c9den Duarte, do vice-prefeito, Dr\u00f3, do secret\u00e1rio de Obras e Agricultura, Isca Viana, dos vereadores Bomba, Br\u00edgida Xavier, Daniel L\u00eala e Ant\u00f4nio Carlos Sarmento.<\/p>\n<p>Em rela\u00e7\u00e3o ao projeto da Associa\u00e7\u00e3o Alvorada ainda ser\u00e3o entregues 40 matrizes caprinas com dois reprodutores e 10 mil raquetes de palmas.<\/p>\n<p>Ainda no Assentamento Mandacaru, o Governo do Estado estar\u00e1 investindo atrav\u00e9s de um projeto produtivo na Associa\u00e7\u00e3o SEMA.<\/p>\n<p>Coordenado por Aristeu Chaves, ex-prefeito de Camala\u00fa, o Procase \u00e9 fruto da parceria entre o Governo do Estado da Para\u00edba e o Fundo Internacional de Desenvolvimento Agr\u00edcola (Fida), beneficia 56 munic\u00edpios do semi\u00e1rido paraibano e visa fortalecer a agricultura familiar e contribuir para o desenvolvimento rural sustent\u00e1vel.<\/p>\n<p><strong>CARIRI EM A\u00c7\u00c3O<\/strong><\/p>\n<p><em>Com Ascom PMS\/Foto: Divulga\u00e7\u00e3o \u00a0<\/em><\/p>\n<p><strong>Leia mais not\u00edcias em\u00a0<\/strong><a href=\"http:\/\/www.caririemacao.com\/\"><strong>caririemacao.com<\/strong><\/a><strong>, siga nossa p\u00e1gina no\u00a0<\/strong><a href=\"https:\/\/www.facebook.com\/CaririEmAcao\/?ref=aymt_homepage_panel\"><strong>Facebook<\/strong><\/a>,<strong>\u00a0<\/strong><a href=\"https:\/\/www.instagram.com\/cariri_em_acao\/?hl=pt-br\"><strong>Instagram<\/strong><\/a><strong>\u00a0e <\/strong><a href=\"https:\/\/www.youtube.com\/channel\/UCAptA0jQuYQy8vMhLt2m4qg\"><strong>Youtube<\/strong><\/a><strong>\u00a0e veja nossas mat\u00e9rias, v\u00eddeos e fotos. Voc\u00ea tamb\u00e9m pode enviar informa\u00e7\u00f5es \u00e0 Reda\u00e7\u00e3o do Portal Cariri em A\u00e7\u00e3o pelo WhatsApp (83) 9 9634.5791, (83) 9 9601-1162.<\/strong><\/p>\n","protected":false},"excerpt":{"rendered":"<p>A comunidade rural do Assentamento Mandacaru, da Associa\u00e7\u00e3o Alvorada, zona rural de Sum\u00e9, recebeu na ter\u00e7a-feira (30\/01) alguns equipamentos agr\u00edcolas entregues pelo Projeto de Desenvolvimento&hellip; <\/p>\n","protected":false},"author":2,"featured_media":39512,"comment_status":"closed","ping_status":"closed","sticky":false,"template":"","format":"standard","meta":{"sfsi_plus_gutenberg_text_before_share":"","sfsi_plus_gutenberg_show_text_before_share":"","sfsi_plus_gutenberg_icon_type":"","sfsi_plus_gutenberg_icon_alignemt":"","sfsi_plus_gutenburg_max_per_row":"","footnotes":""},"categories":[2],"tags":[],"class_list":["post-39511","post","type-post","status-publish","format-standard","has-post-thumbnail","hentry","category-geral"],"_links":{"self":[{"href":"https:\/\/www.caririemacao.com\/1\/wp-json\/wp\/v2\/posts\/39511","targetHints":{"allow":["GET"]}}],"collection":[{"href":"https:\/\/www.caririemacao.com\/1\/wp-json\/wp\/v2\/posts"}],"about":[{"href":"https:\/\/www.caririemacao.com\/1\/wp-json\/wp\/v2\/types\/post"}],"author":[{"embeddable":true,"href":"https:\/\/www.caririemacao.com\/1\/wp-json\/wp\/v2\/users\/2"}],"replies":[{"embeddable":true,"href":"https:\/\/www.caririemacao.com\/1\/wp-json\/wp\/v2\/comments?post=39511"}],"version-history":[{"count":0,"href":"https:\/\/www.caririemacao.com\/1\/wp-json\/wp\/v2\/posts\/39511\/revisions"}],"wp:featuredmedia":[{"embeddable":true,"href":"https:\/\/www.caririemacao.com\/1\/wp-json\/wp\/v2\/media\/39512"}],"wp:attachment":[{"href":"https:\/\/www.caririemacao.com\/1\/wp-json\/wp\/v2\/media?parent=39511"}],"wp:term":[{"taxonomy":"category","embeddable":true,"href":"https:\/\/www.caririemacao.com\/1\/wp-json\/wp\/v2\/categories?post=39511"},{"taxonomy":"post_tag","embeddable":true,"href":"https:\/\/www.caririemacao.com\/1\/wp-json\/wp\/v2\/tags?post=39511"}],"curies":[{"name":"wp","href":"https:\/\/api.w.org\/{rel}","templated":true}]}}