{"id":39514,"date":"2018-01-30T14:36:34","date_gmt":"2018-01-30T17:36:34","guid":{"rendered":"http:\/\/caririemacao.com\/1\/?p=39514"},"modified":"2018-02-01T14:39:05","modified_gmt":"2018-02-01T17:39:05","slug":"prefeitura-de-gurjao-realiza-palestra-referente-ao-janeiro-branco-nesta-quarta-31","status":"publish","type":"post","link":"https:\/\/www.caririemacao.com\/1\/2018\/01\/30\/prefeitura-de-gurjao-realiza-palestra-referente-ao-janeiro-branco-nesta-quarta-31\/","title":{"rendered":"Prefeitura de Gurj\u00e3o realiza palestra referente ao \u201cJaneiro Branco\u201d nesta quarta (31)"},"content":{"rendered":"<p>Palestras, v\u00eddeos e distribui\u00e7\u00e3o de material informativo sobre sa\u00fade mental fazem parte da programa\u00e7\u00e3o da Secretaria Municipal de Sa\u00fade de Gurj\u00e3o \u00a0nesta quarta (31), em evento que faz partes das \u00a0comemora\u00e7\u00f5es \u00a0ao \u201cJaneiro Branco\u201d. As atividades ser\u00e3o realizadas na audit\u00f3rio In\u00e1cio Alves Calu\u00eate com in\u00edcio previsto para as 08:00.<\/p>\n<p>O Janeiro Branco \u00e9 uma campanha nacional, apoiada pela Prefeitura de Gurj\u00e3o , que tem o objetivo de divulgar informa\u00e7\u00f5es e sensibilizar a popula\u00e7\u00e3o para a promo\u00e7\u00e3o da sa\u00fade mental.<\/p>\n<p>\u201c\u00c9 importante que se entenda sa\u00fade mental como sin\u00f4nimo da aus\u00eancia de doen\u00e7as relacionadas a problemas psicossociais e n\u00e3o como apenas como o campo da sa\u00fade p\u00fablica que trata pessoas em sofrimento ps\u00edquico\u201d, explica a Secret\u00e1ria de Sa\u00fade Bruna Moura.<\/p>\n<p>A Secret\u00e1ria ressalta que as a\u00e7\u00f5es do Janeiro Branco visam mobilizar os usu\u00e1rios do sistema de sa\u00fade municipal a partir de atividades l\u00fadicas e educativas, que levam informa\u00e7\u00f5es para a preven\u00e7\u00e3o do sofrimento metal e orientam as pessoas para a identifica\u00e7\u00e3o de sinais indicativos de problemas.<\/p>\n<div class=\"yj6qo\"><strong>CARIRI EM A\u00c7\u00c3O<\/strong><em>Com Ascom \/Foto: Divulga\u00e7\u00e3o \u00a0<\/em><\/p>\n<p><strong>Leia mais not\u00edcias em\u00a0<\/strong><a href=\"http:\/\/www.caririemacao.com\/\"><strong>caririemacao.com<\/strong><\/a><strong>, siga nossa p\u00e1gina no\u00a0<\/strong><a href=\"https:\/\/www.facebook.com\/CaririEmAcao\/?ref=aymt_homepage_panel\"><strong>Facebook<\/strong><\/a>,<strong>\u00a0<\/strong><a href=\"https:\/\/www.instagram.com\/cariri_em_acao\/?hl=pt-br\"><strong>Instagram<\/strong><\/a><strong>\u00a0e <\/strong><a href=\"https:\/\/www.youtube.com\/channel\/UCAptA0jQuYQy8vMhLt2m4qg\"><strong>Youtube<\/strong><\/a><strong>\u00a0e veja nossas mat\u00e9rias, v\u00eddeos e fotos. Voc\u00ea tamb\u00e9m pode enviar informa\u00e7\u00f5es \u00e0 Reda\u00e7\u00e3o do Portal Cariri em A\u00e7\u00e3o pelo WhatsApp (83) 9 9634.5791, (83) 9 9601-1162.<\/strong><\/p>\n<\/div>\n","protected":false},"excerpt":{"rendered":"<p>Palestras, v\u00eddeos e distribui\u00e7\u00e3o de material informativo sobre sa\u00fade mental fazem parte da programa\u00e7\u00e3o da Secretaria Municipal de Sa\u00fade de Gurj\u00e3o \u00a0nesta quarta (31), em&hellip; <\/p>\n","protected":false},"author":2,"featured_media":39515,"comment_status":"closed","ping_status":"closed","sticky":false,"template":"","format":"standard","meta":{"sfsi_plus_gutenberg_text_before_share":"","sfsi_plus_gutenberg_show_text_before_share":"","sfsi_plus_gutenberg_icon_type":"","sfsi_plus_gutenberg_icon_alignemt":"","sfsi_plus_gutenburg_max_per_row":"","footnotes":""},"categories":[16],"tags":[],"class_list":["post-39514","post","type-post","status-publish","format-standard","has-post-thumbnail","hentry","category-saude"],"_links":{"self":[{"href":"https:\/\/www.caririemacao.com\/1\/wp-json\/wp\/v2\/posts\/39514","targetHints":{"allow":["GET"]}}],"collection":[{"href":"https:\/\/www.caririemacao.com\/1\/wp-json\/wp\/v2\/posts"}],"about":[{"href":"https:\/\/www.caririemacao.com\/1\/wp-json\/wp\/v2\/types\/post"}],"author":[{"embeddable":true,"href":"https:\/\/www.caririemacao.com\/1\/wp-json\/wp\/v2\/users\/2"}],"replies":[{"embeddable":true,"href":"https:\/\/www.caririemacao.com\/1\/wp-json\/wp\/v2\/comments?post=39514"}],"version-history":[{"count":0,"href":"https:\/\/www.caririemacao.com\/1\/wp-json\/wp\/v2\/posts\/39514\/revisions"}],"wp:featuredmedia":[{"embeddable":true,"href":"https:\/\/www.caririemacao.com\/1\/wp-json\/wp\/v2\/media\/39515"}],"wp:attachment":[{"href":"https:\/\/www.caririemacao.com\/1\/wp-json\/wp\/v2\/media?parent=39514"}],"wp:term":[{"taxonomy":"category","embeddable":true,"href":"https:\/\/www.caririemacao.com\/1\/wp-json\/wp\/v2\/categories?post=39514"},{"taxonomy":"post_tag","embeddable":true,"href":"https:\/\/www.caririemacao.com\/1\/wp-json\/wp\/v2\/tags?post=39514"}],"curies":[{"name":"wp","href":"https:\/\/api.w.org\/{rel}","templated":true}]}}