{"id":39517,"date":"2018-02-01T14:54:08","date_gmt":"2018-02-01T17:54:08","guid":{"rendered":"http:\/\/caririemacao.com\/1\/?p=39517"},"modified":"2018-02-01T14:54:08","modified_gmt":"2018-02-01T17:54:08","slug":"volume-do-acude-de-boqueirao-continua-subindo","status":"publish","type":"post","link":"https:\/\/www.caririemacao.com\/1\/2018\/02\/01\/volume-do-acude-de-boqueirao-continua-subindo\/","title":{"rendered":"Volume do A\u00e7ude de Boqueir\u00e3o continua subindo"},"content":{"rendered":"<p>O n\u00edvel do a\u00e7ude Epit\u00e1cio Pessoa, que fica localizado na cidade de Boqueir\u00e3o, continua subindo.<\/p>\n<p>Segundo levantamento feito pela Ag\u00eancia Executiva de Gest\u00e3o das \u00c1guas da Para\u00edba (Aesa) somente no m\u00eas passado o ganho foi 2.556.125 m\u00b3.<\/p>\n<p>O reservat\u00f3rio abastece Campina Grande e outras 18 cidades do compartimento da Borborema e est\u00e1 com 10,28% da capacidade m\u00e1xima (42.326.032 m\u00b3).<\/p>\n<p>De acordo com o presidente da Aesa, Jo\u00e3o Fernandes da Silva, desde o encontro das \u00e1guas do rio S\u00e3o Francisco com o a\u00e7ude Epit\u00e1cio Pessoa, em abril do ano passado, o aporte foi de mais de 30 milh\u00f5es de metros c\u00fabicos.<\/p>\n<p><a href=\"http:\/\/caririemacao.com\/1\/wp-content\/uploads\/2018\/02\/AESA-Volume-Epitacio-Pessoa-567x159.png\"><img fetchpriority=\"high\" decoding=\"async\" class=\"aligncenter size-full wp-image-39518\" src=\"http:\/\/caririemacao.com\/1\/wp-content\/uploads\/2018\/02\/AESA-Volume-Epitacio-Pessoa-567x159.png\" alt=\"\" width=\"567\" height=\"159\" srcset=\"https:\/\/www.caririemacao.com\/1\/wp-content\/uploads\/2018\/02\/AESA-Volume-Epitacio-Pessoa-567x159.png 567w, https:\/\/www.caririemacao.com\/1\/wp-content\/uploads\/2018\/02\/AESA-Volume-Epitacio-Pessoa-567x159-300x84.png 300w\" sizes=\"(max-width: 567px) 100vw, 567px\" \/><\/a><\/p>\n<p>\u201cO n\u00edvel vem subindo gradativamente gra\u00e7as ao Velho Chico e ao trabalho que vem sendo feito pelo Governo do Estado. Estamos em contato com o Minist\u00e9rio da Integra\u00e7\u00e3o Nacional e com a Ag\u00eancia Nacional das \u00c1guas para garantir uma boa vaz\u00e3o. Al\u00e9m disso intensificamos a fiscaliza\u00e7\u00e3o no curso do rio Para\u00edba\u201d, informou.<\/p>\n<p>Na manh\u00e3 desta quinta-feira (1), a vaz\u00e3o medida pela plataforma de coleta de dados do Portal das \u00c1guas, em Monteiro, foi 3,57 m\u00b3\/s.<\/p>\n<p>Este monitoramento \u00e9 feito em tempo real pela Aesa, que utiliza cinco plataformas instaladas ao longo do curso do rio Para\u00edba. Os dados est\u00e3o dispon\u00edveis no site aesa.pb.gov.br .<\/p>\n<p>A\u00e7udes \u2013 Dos 127 reservat\u00f3rios monitorados pela Aesa, 63 est\u00e3o com menos de 5% da capacidade.<\/p>\n<p>Outros 33 est\u00e3o com menos de 20%, 29 a\u00e7udes t\u00eam mais que 20% e 2 est\u00e3o sangrando. Os n\u00edveis de cada barragem tamb\u00e9m est\u00e3o no site da Aesa.<\/p>\n<p><strong>CARIRI EM A\u00c7\u00c3O<\/strong><\/p>\n<p><em>Com Paraibaonline\/Foto:\u00a0Paraibaonline\u00a0<\/em><\/p>\n<p><strong>Leia mais not\u00edcias em\u00a0<\/strong><a href=\"http:\/\/www.caririemacao.com\/\"><strong>caririemacao.com<\/strong><\/a><strong>, siga nossa p\u00e1gina no\u00a0<\/strong><a href=\"https:\/\/www.facebook.com\/CaririEmAcao\/?ref=aymt_homepage_panel\"><strong>Facebook<\/strong><\/a>,<strong>\u00a0<\/strong><a href=\"https:\/\/www.instagram.com\/cariri_em_acao\/?hl=pt-br\"><strong>Instagram<\/strong><\/a><strong>\u00a0e\u00a0<\/strong><a href=\"https:\/\/www.youtube.com\/channel\/UCAptA0jQuYQy8vMhLt2m4qg\"><strong>Youtube<\/strong><\/a><strong>\u00a0e veja nossas mat\u00e9rias, v\u00eddeos e fotos. Voc\u00ea tamb\u00e9m pode enviar informa\u00e7\u00f5es \u00e0 Reda\u00e7\u00e3o do Portal Cariri em A\u00e7\u00e3o pelo WhatsApp (83) 9 9634.5791, (83) 9 9601-1162.<\/strong><\/p>\n","protected":false},"excerpt":{"rendered":"<p>O n\u00edvel do a\u00e7ude Epit\u00e1cio Pessoa, que fica localizado na cidade de Boqueir\u00e3o, continua subindo. Segundo levantamento feito pela Ag\u00eancia Executiva de Gest\u00e3o das \u00c1guas&hellip; <\/p>\n","protected":false},"author":2,"featured_media":39519,"comment_status":"closed","ping_status":"closed","sticky":false,"template":"","format":"standard","meta":{"sfsi_plus_gutenberg_text_before_share":"","sfsi_plus_gutenberg_show_text_before_share":"","sfsi_plus_gutenberg_icon_type":"","sfsi_plus_gutenberg_icon_alignemt":"","sfsi_plus_gutenburg_max_per_row":"","footnotes":""},"categories":[2],"tags":[],"class_list":["post-39517","post","type-post","status-publish","format-standard","has-post-thumbnail","hentry","category-geral"],"_links":{"self":[{"href":"https:\/\/www.caririemacao.com\/1\/wp-json\/wp\/v2\/posts\/39517","targetHints":{"allow":["GET"]}}],"collection":[{"href":"https:\/\/www.caririemacao.com\/1\/wp-json\/wp\/v2\/posts"}],"about":[{"href":"https:\/\/www.caririemacao.com\/1\/wp-json\/wp\/v2\/types\/post"}],"author":[{"embeddable":true,"href":"https:\/\/www.caririemacao.com\/1\/wp-json\/wp\/v2\/users\/2"}],"replies":[{"embeddable":true,"href":"https:\/\/www.caririemacao.com\/1\/wp-json\/wp\/v2\/comments?post=39517"}],"version-history":[{"count":0,"href":"https:\/\/www.caririemacao.com\/1\/wp-json\/wp\/v2\/posts\/39517\/revisions"}],"wp:featuredmedia":[{"embeddable":true,"href":"https:\/\/www.caririemacao.com\/1\/wp-json\/wp\/v2\/media\/39519"}],"wp:attachment":[{"href":"https:\/\/www.caririemacao.com\/1\/wp-json\/wp\/v2\/media?parent=39517"}],"wp:term":[{"taxonomy":"category","embeddable":true,"href":"https:\/\/www.caririemacao.com\/1\/wp-json\/wp\/v2\/categories?post=39517"},{"taxonomy":"post_tag","embeddable":true,"href":"https:\/\/www.caririemacao.com\/1\/wp-json\/wp\/v2\/tags?post=39517"}],"curies":[{"name":"wp","href":"https:\/\/api.w.org\/{rel}","templated":true}]}}