{"id":39524,"date":"2018-02-01T15:03:54","date_gmt":"2018-02-01T18:03:54","guid":{"rendered":"http:\/\/caririemacao.com\/1\/?p=39524"},"modified":"2018-02-01T19:43:50","modified_gmt":"2018-02-01T22:43:50","slug":"morre-terceira-vitima-da-queda-do-globocop-no-recife-que-estava-internado-no-hospital-da-restauracao-desde-o-dia-do-acidente-23-de-janeiro","status":"publish","type":"post","link":"https:\/\/www.caririemacao.com\/1\/2018\/02\/01\/morre-terceira-vitima-da-queda-do-globocop-no-recife-que-estava-internado-no-hospital-da-restauracao-desde-o-dia-do-acidente-23-de-janeiro\/","title":{"rendered":"Morre terceira v\u00edtima da queda do Globocop no Recife"},"content":{"rendered":"<div class=\"content-textcontainer\">O\u00a0operador de transmiss\u00e3o Miguel Brendo Pontes Sim\u00f5es, de 21 anos, morreu na manh\u00e3 desta quinta-feira (1\u00ba), no Hospital da Restaura\u00e7\u00e3o, na regi\u00e3o central do Recife. Ele era o \u00fanico sobrevivente da\u00a0queda do Globocop, ocorrida no dia 23 de janeiro, no mar da Praia do Pina, na Zona Sul da capital pernambucana. Outras\u00a0duas pessoas morreram\u00a0no acidente com o helic\u00f3ptero.<\/div>\n<div class=\"content-textcontainer\"><\/div>\n<div class=\"content-textcontainer\" data-track-category=\"Link no Texto\" data-track-links=\"\">A informa\u00e7\u00e3o foi repassada pelo padrasto de Miguel, o comandante Wagner Monteiro. O jovem estava internado desde o dia do acidente e passou por cirurgias desde ent\u00e3o. Na quarta-feira (31), os m\u00e9dicos j\u00e1 haviam apontado\u00a0uma piora no quadro neurol\u00f3gico\u00a0de Miguel Brendo devido ao trauma sofrido no acidente.<\/div>\n<div class=\"content-textcontainer\" data-track-category=\"Link no Texto\" data-track-links=\"\">Na queda da aeronave, que prestava servi\u00e7os para a TV Globo, morreram o piloto Daniel Galv\u00e3o, de 36 anos, e a 1\u00ba sargento da Aeron\u00e1utica Lia Maria de Souza, de 34 anos. O comandante\u00a0foi sepultado no Recife. O corpo da militar foi sepultado no estado do Rio de Janeiro.<\/div>\n<div class=\"content-textcontainer\"><\/div>\n<div class=\"content-textcontainer\">Segundo informa\u00e7\u00f5es da Infraero, o Globocop decolou do hangar, localizado ao lado do Aeroporto Internacional do Recife, no bairro da Imbiribeira, na Zona Sul da capital pernambucana, \u00e0s 5h50 (hor\u00e1rio local) da ter\u00e7a (23). A aeronave decolou com destino ao litoral.<\/div>\n<div class=\"content-textcontainer\"><\/div>\n<div class=\"content-textcontainer\" data-track-category=\"Link no Texto\" data-track-links=\"\">Imagens da c\u00e2mera instalada em um sem\u00e1foro da Avenida Boa Viagem registraram o momento da queda do Globocop. Nas imagens, \u00e9 poss\u00edvel ver que o helic\u00f3ptero cai em diagonal no mar, passando por tr\u00e1s de uma constru\u00e7\u00e3o.<\/div>\n<div class=\"content-textcontainer\" data-track-category=\"Link no Texto\" data-track-links=\"\">No v\u00eddeo ampliado, ainda nota-se que parte da aeronave pode ter se soltado durante a queda. A cauda do Globocop foi encontrada quebrada na ter\u00e7a (23).\u00a0(Veja v\u00eddeo acima)\u00a0A cauda do helic\u00f3ptero foi encontrada quebrada no dia do acidente. Todos os destro\u00e7os recolhidos foram levados para a Base A\u00e9rea da Aeron\u00e1utica, na Zona Sul da cidade.<\/div>\n<div class=\"content-textcontainer\"><\/div>\n<div class=\"content-textcontainer\">As pol\u00edcias Civil e Federal abriram inqu\u00e9ritos para investigar o caso. Segundo o delegado da Pol\u00edcia Federal D\u00e1rio S\u00e1 Leit\u00e3o, respons\u00e1vel pela investiga\u00e7\u00e3o, a\u00a0fuselagem vai ser periciada com calma\u00a0para se chegar \u00e0 conclus\u00e3o dos motivos do acidente. Segundo a Ag\u00eancia Nacional de Avia\u00e7\u00e3o Civil (Anac), a aeronave estava regularizado.<\/div>\n<div class=\"content-textcontainer\"><\/div>\n<div class=\"content-textcontainer\" data-track-category=\"Link no Texto\" data-track-links=\"\">A Pol\u00edcia Civil informou, na quinta-feira (25), que as investiga\u00e7\u00f5es ficaram a cargo da Pol\u00edcia Federal, que ainda n\u00e3o se pronunciou oficialmente sobre o andamento do inqu\u00e9rito.<\/div>\n<div class=\"content-textcontainer\"><\/div>\n<div class=\"content-textcontainer\">O Segundo Servi\u00e7o Regional de Investiga\u00e7\u00e3o e Preven\u00e7\u00e3o de Acidentes Aeron\u00e1uticos (Seripa II) recebeu, na ter\u00e7a-feira (30), outros destro\u00e7os do Globocop. Segundo a For\u00e7a A\u00e9rea Brasileira (FAB), as pe\u00e7as, assim como as outras j\u00e1 recolhidas, foram encaminhadas \u00e0 sede do Seripa II, no bairro de Boa Viagem, na Zona Sul da cidade.<\/div>\n<div class=\"content-textcontainer\"><\/div>\n<div class=\"content-textcontainer\" data-track-category=\"Link no Texto\" data-track-links=\"\">A FAB, no entanto, n\u00e3o informou quantas ou quais pe\u00e7as foram entregues. Ainda assim, a Aeron\u00e1utica ressaltou a import\u00e2ncia de todos os destro\u00e7os coletados para que os investigadores possam mapear os destro\u00e7os e entender o que motivou a queda do helic\u00f3ptero.<\/div>\n<div class=\"content-textcontainer\"><\/div>\n<div class=\"content-textcontainer\" data-track-category=\"Link no Texto\" data-track-links=\"\">A Aeron\u00e1utica tamb\u00e9m pede que qualquer outro item relacionado ao helic\u00f3ptero que for encontrado seja entregue no posto policial mais pr\u00f3ximo ou na sede do Seripa II, que fica na Avenida Armindo Moura, n\u00famero 500, em Boa Viagem. Outras informa\u00e7\u00f5es podem ser repassadas pelo telefone (81) 2129-7277.<\/div>\n<div data-track-category=\"Link no Texto\" data-track-links=\"\">\n<p><strong>CARIRI EM A\u00c7\u00c3O<\/strong><\/p>\n<p><em>Com G1 Caruaru\/Foto:\u00a0PortalPE10\u00a0<\/em><\/p>\n<p><strong>Leia mais not\u00edcias em\u00a0<\/strong><a href=\"http:\/\/www.caririemacao.com\/\"><strong>caririemacao.com<\/strong><\/a><strong>, siga nossa p\u00e1gina no\u00a0<\/strong><a href=\"https:\/\/www.facebook.com\/CaririEmAcao\/?ref=aymt_homepage_panel\"><strong>Facebook<\/strong><\/a>,<strong>\u00a0<\/strong><a href=\"https:\/\/www.instagram.com\/cariri_em_acao\/?hl=pt-br\"><strong>Instagram<\/strong><\/a><strong>\u00a0e\u00a0<\/strong><a href=\"https:\/\/www.youtube.com\/channel\/UCAptA0jQuYQy8vMhLt2m4qg\"><strong>Youtube<\/strong><\/a><strong>\u00a0e veja nossas mat\u00e9rias, v\u00eddeos e fotos. Voc\u00ea tamb\u00e9m pode enviar informa\u00e7\u00f5es \u00e0 Reda\u00e7\u00e3o do Portal Cariri em A\u00e7\u00e3o pelo WhatsApp (83) 9 9634.5791, (83) 9 9601-1162.<\/strong><\/p>\n<\/div>\n","protected":false},"excerpt":{"rendered":"<p>O\u00a0operador de transmiss\u00e3o Miguel Brendo Pontes Sim\u00f5es, de 21 anos, morreu na manh\u00e3 desta quinta-feira (1\u00ba), no Hospital da Restaura\u00e7\u00e3o, na regi\u00e3o central do Recife.&hellip; <\/p>\n","protected":false},"author":2,"featured_media":39525,"comment_status":"closed","ping_status":"closed","sticky":false,"template":"","format":"standard","meta":{"sfsi_plus_gutenberg_text_before_share":"","sfsi_plus_gutenberg_show_text_before_share":"","sfsi_plus_gutenberg_icon_type":"","sfsi_plus_gutenberg_icon_alignemt":"","sfsi_plus_gutenburg_max_per_row":"","footnotes":""},"categories":[12],"tags":[],"class_list":["post-39524","post","type-post","status-publish","format-standard","has-post-thumbnail","hentry","category-policia"],"_links":{"self":[{"href":"https:\/\/www.caririemacao.com\/1\/wp-json\/wp\/v2\/posts\/39524","targetHints":{"allow":["GET"]}}],"collection":[{"href":"https:\/\/www.caririemacao.com\/1\/wp-json\/wp\/v2\/posts"}],"about":[{"href":"https:\/\/www.caririemacao.com\/1\/wp-json\/wp\/v2\/types\/post"}],"author":[{"embeddable":true,"href":"https:\/\/www.caririemacao.com\/1\/wp-json\/wp\/v2\/users\/2"}],"replies":[{"embeddable":true,"href":"https:\/\/www.caririemacao.com\/1\/wp-json\/wp\/v2\/comments?post=39524"}],"version-history":[{"count":0,"href":"https:\/\/www.caririemacao.com\/1\/wp-json\/wp\/v2\/posts\/39524\/revisions"}],"wp:featuredmedia":[{"embeddable":true,"href":"https:\/\/www.caririemacao.com\/1\/wp-json\/wp\/v2\/media\/39525"}],"wp:attachment":[{"href":"https:\/\/www.caririemacao.com\/1\/wp-json\/wp\/v2\/media?parent=39524"}],"wp:term":[{"taxonomy":"category","embeddable":true,"href":"https:\/\/www.caririemacao.com\/1\/wp-json\/wp\/v2\/categories?post=39524"},{"taxonomy":"post_tag","embeddable":true,"href":"https:\/\/www.caririemacao.com\/1\/wp-json\/wp\/v2\/tags?post=39524"}],"curies":[{"name":"wp","href":"https:\/\/api.w.org\/{rel}","templated":true}]}}