{"id":39531,"date":"2018-02-01T16:38:05","date_gmt":"2018-02-01T19:38:05","guid":{"rendered":"http:\/\/caririemacao.com\/1\/?p=39531"},"modified":"2018-02-01T16:38:05","modified_gmt":"2018-02-01T19:38:05","slug":"prefeito-de-camalau-consegue-1-milhao-de-reais-em-recursos-para-o-municipio-junto-a-funasa","status":"publish","type":"post","link":"https:\/\/www.caririemacao.com\/1\/2018\/02\/01\/prefeito-de-camalau-consegue-1-milhao-de-reais-em-recursos-para-o-municipio-junto-a-funasa\/","title":{"rendered":"Prefeito de Camala\u00fa consegue 1 milh\u00e3o de reais em recursos para o munic\u00edpio junto \u00e0 FUNASA"},"content":{"rendered":"<p>Uma excelente not\u00edcia foi confirmada na manha desta quinta feira pelo prefeito de Camala\u00fa Sandro M\u00f4co.<\/p>\n<p>O prefeito conseguiu a libera\u00e7\u00e3o de recursos na ordem total de 1 milh\u00e3o de reais, que ser\u00e3o destinados \u00e0 melhorias para o munic\u00edpio atrav\u00e9s do MDS-Minist\u00e9rio do Desenvolvimento Social via FUNASA.<\/p>\n<p>Deste montante 500 mil reais ser\u00e3o destinados para a constru\u00e7\u00e3o de cisternas e os outros 500 mil reais para a constru\u00e7\u00e3o de casas para efetuar a substitui\u00e7\u00e3o das antigas casas de taipa por casas de alvenaria<\/p>\n<p>\u201cFicamos felizes por dar esta not\u00edcia ao povo de Camala\u00fa e podem ter certeza que vamos buscar muito mais recursos para a\u00e7\u00f5es que possam beneficiar nossa popula\u00e7\u00e3o\u201d, disse o prefeito Sandro M\u00f4co.<\/p>\n<p><strong>CARIRI EM A\u00c7\u00c3O<\/strong><\/p>\n<p><em style=\"font-weight: inherit;\">Com <\/em>Tribuna do Cariri<\/p>\n<p><strong>Leia mais not\u00edcias em\u00a0<\/strong><a style=\"font-style: inherit; font-weight: inherit;\" href=\"http:\/\/www.caririemacao.com\/\"><strong style=\"font-style: inherit;\">caririemacao.com<\/strong><\/a><strong style=\"font-style: inherit;\">, siga nossa p\u00e1gina no\u00a0<\/strong><a style=\"font-style: inherit; font-weight: inherit;\" href=\"https:\/\/www.facebook.com\/CaririEmAcao\/?ref=aymt_homepage_panel\"><strong style=\"font-style: inherit;\">Facebook<\/strong><\/a>,<strong style=\"font-style: inherit;\">\u00a0<\/strong><a style=\"font-style: inherit; font-weight: inherit;\" href=\"https:\/\/www.instagram.com\/cariri_em_acao\/?hl=pt-br\"><strong style=\"font-style: inherit;\">Instagram<\/strong><\/a><strong style=\"font-style: inherit;\">\u00a0e\u00a0<\/strong><a style=\"font-style: inherit; font-weight: inherit;\" href=\"https:\/\/www.youtube.com\/channel\/UCAptA0jQuYQy8vMhLt2m4qg\"><strong style=\"font-style: inherit;\">Youtube<\/strong><\/a><strong style=\"font-style: inherit;\">\u00a0e veja nossas mat\u00e9rias, v\u00eddeos e fotos. Voc\u00ea tamb\u00e9m pode enviar informa\u00e7\u00f5es \u00e0 Reda\u00e7\u00e3o do Portal Cariri em A\u00e7\u00e3o pelo WhatsApp (83) 9 9634.5791, (83) 9 9601-1162.<\/strong><\/p>\n","protected":false},"excerpt":{"rendered":"<p>Uma excelente not\u00edcia foi confirmada na manha desta quinta feira pelo prefeito de Camala\u00fa Sandro M\u00f4co. O prefeito conseguiu a libera\u00e7\u00e3o de recursos na ordem&hellip; <\/p>\n","protected":false},"author":2,"featured_media":39532,"comment_status":"closed","ping_status":"closed","sticky":false,"template":"","format":"standard","meta":{"sfsi_plus_gutenberg_text_before_share":"","sfsi_plus_gutenberg_show_text_before_share":"","sfsi_plus_gutenberg_icon_type":"","sfsi_plus_gutenberg_icon_alignemt":"","sfsi_plus_gutenburg_max_per_row":"","footnotes":""},"categories":[2],"tags":[],"class_list":["post-39531","post","type-post","status-publish","format-standard","has-post-thumbnail","hentry","category-geral"],"_links":{"self":[{"href":"https:\/\/www.caririemacao.com\/1\/wp-json\/wp\/v2\/posts\/39531","targetHints":{"allow":["GET"]}}],"collection":[{"href":"https:\/\/www.caririemacao.com\/1\/wp-json\/wp\/v2\/posts"}],"about":[{"href":"https:\/\/www.caririemacao.com\/1\/wp-json\/wp\/v2\/types\/post"}],"author":[{"embeddable":true,"href":"https:\/\/www.caririemacao.com\/1\/wp-json\/wp\/v2\/users\/2"}],"replies":[{"embeddable":true,"href":"https:\/\/www.caririemacao.com\/1\/wp-json\/wp\/v2\/comments?post=39531"}],"version-history":[{"count":0,"href":"https:\/\/www.caririemacao.com\/1\/wp-json\/wp\/v2\/posts\/39531\/revisions"}],"wp:featuredmedia":[{"embeddable":true,"href":"https:\/\/www.caririemacao.com\/1\/wp-json\/wp\/v2\/media\/39532"}],"wp:attachment":[{"href":"https:\/\/www.caririemacao.com\/1\/wp-json\/wp\/v2\/media?parent=39531"}],"wp:term":[{"taxonomy":"category","embeddable":true,"href":"https:\/\/www.caririemacao.com\/1\/wp-json\/wp\/v2\/categories?post=39531"},{"taxonomy":"post_tag","embeddable":true,"href":"https:\/\/www.caririemacao.com\/1\/wp-json\/wp\/v2\/tags?post=39531"}],"curies":[{"name":"wp","href":"https:\/\/api.w.org\/{rel}","templated":true}]}}