{"id":39539,"date":"2018-02-01T22:36:44","date_gmt":"2018-02-02T01:36:44","guid":{"rendered":"http:\/\/caririemacao.com\/1\/?p=39539"},"modified":"2018-02-01T22:36:44","modified_gmt":"2018-02-02T01:36:44","slug":"ricardo-cita-condicoes-para-disputar-senado-e-diz-nao-prometi-que-nao-sairia","status":"publish","type":"post","link":"https:\/\/www.caririemacao.com\/1\/2018\/02\/01\/ricardo-cita-condicoes-para-disputar-senado-e-diz-nao-prometi-que-nao-sairia\/","title":{"rendered":"Ricardo cita condi\u00e7\u00f5es para disputar Senado e diz: &#8220;N\u00e3o prometi que n\u00e3o sairia&#8221;"},"content":{"rendered":"<p>O governador Ricardo Coutinho (PSB) admitiu, nesta quinta-feira (1\u00ba), que sairia do Governo para disputar o senado caso conseguisse a certeza de que o seu projeto de governo estivesse seguro. Nas palavras de Ricardo, \u00e0 Pop Fm, \u201cs\u00f3 sairia tendo a certeza, a no\u00e7\u00e3o exata que o governo continuaria\u201d.<\/p>\n<p>\u201cN\u00e3o fiz nenhuma promessa que sairia ou n\u00e3o. O mais importante n\u00e3o \u00e9 fazer a pol\u00edtica da pessoa Ricardo, n\u00e3o prometi que n\u00e3o sairia, ou sairia, seria uma idiotice da minha parte. Analiso todos os passos\u201d, comentou.<\/p>\n<p>Provocado sobre as condi\u00e7\u00f5es ideais para se desincompatibilizar do Governo para disputar o senador, Ricardo citou o respeito as conquistas de sua gest\u00e3o.<\/p>\n<p>\u201cAs condi\u00e7\u00f5es seriam que eu sentisse que o governador, em nove meses, respeitasse a nossa conquista em rela\u00e7\u00e3o a governo, as obras e progresso\u201d, disse.<\/p>\n<p>Mesmo admitindo a possibilidade, Coutinho pontuou que a sua prioridade n\u00e3o \u00e9 sair do cargo. Ele citou a preocupa\u00e7\u00e3o para que o Estado continue nos trilhos e n\u00e3o caia em &#8216;m\u00e3os erradas&#8217;.<\/p>\n<p>\u201cA minha prioridade \u00e9 fazer de tudo para garantir o futuro deste Estado. Se esse Estado volta para m\u00e3os indevidas, volta para uma \u00e9poca em que n\u00e3o se via o dinheiro, voc\u00ea via esc\u00e2ndalo. Minha prioridade \u00e9 essa, se precisar ficar para garantir isso, ficarei. A minha preocupa\u00e7\u00e3o n\u00e3o \u00e9 sair para ser senador, \u00e9 olhar para a Para\u00edba e fazer de tudo para ter um governo realizador\u201d, destacou.<\/p>\n<p><strong>CARIRI EM A\u00c7\u00c3O<\/strong><\/p>\n<p><strong>Leia mais not\u00edcias em\u00a0<\/strong><a href=\"http:\/\/www.caririemacao.com\/\"><strong>caririemacao.com<\/strong><\/a><strong>, siga nossa p\u00e1gina no\u00a0<\/strong><a href=\"https:\/\/www.facebook.com\/CaririEmAcao\/?ref=aymt_homepage_panel\"><strong>Facebook<\/strong><\/a>,<strong>\u00a0<\/strong><a href=\"https:\/\/www.instagram.com\/cariri_em_acao\/?hl=pt-br\"><strong>Instagram<\/strong><\/a><strong>\u00a0e\u00a0<\/strong><a href=\"https:\/\/www.youtube.com\/channel\/UCAptA0jQuYQy8vMhLt2m4qg\"><strong>Youtube<\/strong><\/a><strong>\u00a0e veja nossas mat\u00e9rias, v\u00eddeos e fotos. Voc\u00ea tamb\u00e9m pode enviar informa\u00e7\u00f5es \u00e0 Reda\u00e7\u00e3o do Portal Cariri em A\u00e7\u00e3o pelo WhatsApp (83) 9 9634.5791, (83) 9 9601-1162.<\/strong><\/p>\n","protected":false},"excerpt":{"rendered":"<p>O governador Ricardo Coutinho (PSB) admitiu, nesta quinta-feira (1\u00ba), que sairia do Governo para disputar o senado caso conseguisse a certeza de que o seu&hellip; <\/p>\n","protected":false},"author":2,"featured_media":38391,"comment_status":"closed","ping_status":"closed","sticky":false,"template":"","format":"standard","meta":{"sfsi_plus_gutenberg_text_before_share":"","sfsi_plus_gutenberg_show_text_before_share":"","sfsi_plus_gutenberg_icon_type":"","sfsi_plus_gutenberg_icon_alignemt":"","sfsi_plus_gutenburg_max_per_row":"","footnotes":""},"categories":[11],"tags":[],"class_list":["post-39539","post","type-post","status-publish","format-standard","has-post-thumbnail","hentry","category-politica"],"_links":{"self":[{"href":"https:\/\/www.caririemacao.com\/1\/wp-json\/wp\/v2\/posts\/39539","targetHints":{"allow":["GET"]}}],"collection":[{"href":"https:\/\/www.caririemacao.com\/1\/wp-json\/wp\/v2\/posts"}],"about":[{"href":"https:\/\/www.caririemacao.com\/1\/wp-json\/wp\/v2\/types\/post"}],"author":[{"embeddable":true,"href":"https:\/\/www.caririemacao.com\/1\/wp-json\/wp\/v2\/users\/2"}],"replies":[{"embeddable":true,"href":"https:\/\/www.caririemacao.com\/1\/wp-json\/wp\/v2\/comments?post=39539"}],"version-history":[{"count":0,"href":"https:\/\/www.caririemacao.com\/1\/wp-json\/wp\/v2\/posts\/39539\/revisions"}],"wp:featuredmedia":[{"embeddable":true,"href":"https:\/\/www.caririemacao.com\/1\/wp-json\/wp\/v2\/media\/38391"}],"wp:attachment":[{"href":"https:\/\/www.caririemacao.com\/1\/wp-json\/wp\/v2\/media?parent=39539"}],"wp:term":[{"taxonomy":"category","embeddable":true,"href":"https:\/\/www.caririemacao.com\/1\/wp-json\/wp\/v2\/categories?post=39539"},{"taxonomy":"post_tag","embeddable":true,"href":"https:\/\/www.caririemacao.com\/1\/wp-json\/wp\/v2\/tags?post=39539"}],"curies":[{"name":"wp","href":"https:\/\/api.w.org\/{rel}","templated":true}]}}