{"id":39921,"date":"2018-02-05T10:08:16","date_gmt":"2018-02-05T13:08:16","guid":{"rendered":"http:\/\/caririemacao.com\/1\/?p=39921"},"modified":"2018-02-05T10:08:16","modified_gmt":"2018-02-05T13:08:16","slug":"equatorianos-votam-pelo-fim-de-reeleicoes-ilimitadas-em-referendo","status":"publish","type":"post","link":"https:\/\/www.caririemacao.com\/1\/2018\/02\/05\/equatorianos-votam-pelo-fim-de-reeleicoes-ilimitadas-em-referendo\/","title":{"rendered":"Equatorianos votam pelo fim de reelei\u00e7\u00f5es ilimitadas em referendo"},"content":{"rendered":"<p>Equatorianos votaram no domingo a favor de impedir que presidentes ocupem o cargo por mais de dois mandatos, informou o conselho eleitoral do pa\u00eds, em uma vit\u00f3ria para o presidente Len\u00edn Moreno que impossibilita seu ex-mentor e agora advers\u00e1rio Rafael Correa de voltar ao poder.<\/p>\n<p>O resultado do referendo, convocado por Moreno, reverte uma medida aprovada por Correa no Congresso em 2015 para permitir a reelei\u00e7\u00e3o presidencial ilimitada.<\/p>\n<div class=\"teads-inread\">\n<div>\n<div id=\"teads0\" class=\"teads-player\">&#8220;A vit\u00f3ria do voto &#8216;sim&#8217; abre caminho para que possamos trabalhar juntos, o confronto \u00e9 uma coisa do passado&#8221;, disse Moreno durante pronunciamento televisionado, em uma aparente refer\u00eancia ao famoso estilo combativo de Correa. &#8220;Os antigos pol\u00edticos n\u00e3o voltar\u00e3o&#8221;.<\/div>\n<\/div>\n<\/div>\n<p>Agora, Moreno pode ser encorajado a remover aliados de Correa de importantes cargos do governo, e os mercados financeiros provavelmente ver\u00e3o o resultado da vota\u00e7\u00e3o como confirmando um futuro mais politicamente e fiscalmente conservador para o Equador.<\/p>\n<div id=\"inner-ad-container\" class=\"\">O conselho eleitoral disse que cerca de 64% dos participantes votaram a favor de alterar as regras para a reelei\u00e7\u00e3o, enquanto 36% votaram contra a mudan\u00e7a.<\/div>\n<p>Equatorianos tamb\u00e9m apoiaram outras seis medidas, incluindo a limita\u00e7\u00e3o da produ\u00e7\u00e3o de petr\u00f3leo e da minera\u00e7\u00e3o em \u00e1reas ambientalmente sens\u00edveis e penas mais duras para corrup\u00e7\u00e3o, algumas das quais precisar\u00e3o do envolvimento do Congresso.<\/p>\n<p>Correa disse que o referendo tem como objetivo destruir seu legado. &#8220;A luta continua&#8221;, escreveu no Twitter. &#8220;N\u00e3o podemos aceitar tal ruptura constitucional&#8221;.<\/p>\n<p><strong>CARIRI EM A\u00c7\u00c3O<\/strong><\/p>\n<p><em>Com R7 \/Foto: Reprodu\u00e7\u00e3o Internet<\/em><\/p>\n<p><strong>Leia mais not\u00edcias em\u00a0<\/strong><a href=\"http:\/\/www.caririemacao.com\/\"><strong>caririemacao.com<\/strong><\/a><strong>, siga nossa p\u00e1gina no\u00a0<\/strong><a href=\"https:\/\/www.facebook.com\/CaririEmAcao\/?ref=aymt_homepage_panel\"><strong>Facebook<\/strong><\/a>,<strong>\u00a0<\/strong><a href=\"https:\/\/www.instagram.com\/cariri_em_acao\/?hl=pt-br\"><strong>Instagram<\/strong><\/a><strong>\u00a0e <\/strong><a href=\"https:\/\/www.youtube.com\/channel\/UCAptA0jQuYQy8vMhLt2m4qg\"><strong>Youtube<\/strong><\/a><strong>\u00a0e veja nossas mat\u00e9rias, v\u00eddeos e fotos. Voc\u00ea tamb\u00e9m pode enviar informa\u00e7\u00f5es \u00e0 Reda\u00e7\u00e3o do Portal Cariri em A\u00e7\u00e3o pelo WhatsApp (83) 9 9634.5791, (83) 9 9601-1162.<\/strong><\/p>\n","protected":false},"excerpt":{"rendered":"<p>Equatorianos votaram no domingo a favor de impedir que presidentes ocupem o cargo por mais de dois mandatos, informou o conselho eleitoral do pa\u00eds, em&hellip; <\/p>\n","protected":false},"author":2,"featured_media":39922,"comment_status":"closed","ping_status":"closed","sticky":false,"template":"","format":"standard","meta":{"sfsi_plus_gutenberg_text_before_share":"","sfsi_plus_gutenberg_show_text_before_share":"","sfsi_plus_gutenberg_icon_type":"","sfsi_plus_gutenberg_icon_alignemt":"","sfsi_plus_gutenburg_max_per_row":"","footnotes":""},"categories":[11],"tags":[],"class_list":["post-39921","post","type-post","status-publish","format-standard","has-post-thumbnail","hentry","category-politica"],"_links":{"self":[{"href":"https:\/\/www.caririemacao.com\/1\/wp-json\/wp\/v2\/posts\/39921","targetHints":{"allow":["GET"]}}],"collection":[{"href":"https:\/\/www.caririemacao.com\/1\/wp-json\/wp\/v2\/posts"}],"about":[{"href":"https:\/\/www.caririemacao.com\/1\/wp-json\/wp\/v2\/types\/post"}],"author":[{"embeddable":true,"href":"https:\/\/www.caririemacao.com\/1\/wp-json\/wp\/v2\/users\/2"}],"replies":[{"embeddable":true,"href":"https:\/\/www.caririemacao.com\/1\/wp-json\/wp\/v2\/comments?post=39921"}],"version-history":[{"count":0,"href":"https:\/\/www.caririemacao.com\/1\/wp-json\/wp\/v2\/posts\/39921\/revisions"}],"wp:featuredmedia":[{"embeddable":true,"href":"https:\/\/www.caririemacao.com\/1\/wp-json\/wp\/v2\/media\/39922"}],"wp:attachment":[{"href":"https:\/\/www.caririemacao.com\/1\/wp-json\/wp\/v2\/media?parent=39921"}],"wp:term":[{"taxonomy":"category","embeddable":true,"href":"https:\/\/www.caririemacao.com\/1\/wp-json\/wp\/v2\/categories?post=39921"},{"taxonomy":"post_tag","embeddable":true,"href":"https:\/\/www.caririemacao.com\/1\/wp-json\/wp\/v2\/tags?post=39921"}],"curies":[{"name":"wp","href":"https:\/\/api.w.org\/{rel}","templated":true}]}}