{"id":39924,"date":"2018-02-05T10:17:06","date_gmt":"2018-02-05T13:17:06","guid":{"rendered":"http:\/\/caririemacao.com\/1\/?p=39924"},"modified":"2018-02-05T10:17:06","modified_gmt":"2018-02-05T13:17:06","slug":"hemocentro-inicia-campanha-para-aumentar-estoque-de-sangue-durante-periodo-do-carnaval","status":"publish","type":"post","link":"https:\/\/www.caririemacao.com\/1\/2018\/02\/05\/hemocentro-inicia-campanha-para-aumentar-estoque-de-sangue-durante-periodo-do-carnaval\/","title":{"rendered":"Hemocentro inicia campanha para aumentar estoque de sangue durante per\u00edodo do Carnaval"},"content":{"rendered":"<p>O Hemocentro da Para\u00edba lan\u00e7a, nesta segunda-feira (5), o bloco \u2018Foli\u00e3o Doador\u2019. A a\u00e7\u00e3o faz parte da campanha de Carnaval que tem como tema \u201cCaia na folia que gera esperan\u00e7a de vida, doe sangue!\u201d. O objetivo \u00e9 convocar a popula\u00e7\u00e3o para ajudar a abastecer o estoque da institui\u00e7\u00e3o antes de cair na folia carnavalesca.<\/p>\n<p>A banda de frevo Para\u00edso Tropical vai se apresentar voluntariamente na frente do Hemocentro da Para\u00edba, das 9 at\u00e9 \u00e0s 10h, animando a folia do bloco dos doadores de sangue. Haver\u00e1 ainda apresenta\u00e7\u00e3o de ala ursas e a realiza\u00e7\u00e3o de uma blitz educativa. Durante a a\u00e7\u00e3o ser\u00e1 realizada a distribui\u00e7\u00e3o do kit do foli\u00e3o, com material informativo sobre a import\u00e2ncia da doa\u00e7\u00e3o regular.<\/p>\n<p>A diretora-geral do Hemocentro da Para\u00edba, Luciana Gomes, destaca que o\u00a0per\u00edodo que antecede feriados prolongados, a exemplo do Carnaval, \u00e9 \u00e9poca de preparar os estoques para qualquer emerg\u00eancia, por isso a necessidade de refor\u00e7ar o pedido de doa\u00e7\u00f5es e as campanhas que lembrem que o gesto solid\u00e1rio de doar \u00e9 essencial para as transfus\u00f5es acontecerem.<\/p>\n<p>Coletas externas\u00a0\u2013\u00a0A campanha de Carnaval do Hemocentro da Para\u00edba tamb\u00e9m contar\u00e1 com coletas externas e a Caravana Solid\u00e1ria. Nesta quinta-feira (8), a coleta chegar\u00e1 \u00e0 cidade de Mamanguape e ser\u00e1 no Hospital Geral da cidade. J\u00e1 no dia 22 de fevereiro, a a\u00e7\u00e3o ser\u00e1 na UPA de Santa Rita.<\/p>\n<p>Outra op\u00e7\u00e3o para doar ser\u00e1\u00a0a caravana solid\u00e1ria que no dia 27 estar\u00e1 na Universidade Federal da Para\u00edba (UFPB), campus de Jo\u00e3o Pessoa, das 8h \u00e0s 16h. Nesse caso, o Hemocentro vai fazer o translado dos candidatos \u00e0 doa\u00e7\u00e3o at\u00e9 a institui\u00e7\u00e3o e ap\u00f3s a doa\u00e7\u00e3o vai transport\u00e1-los de volta para o local de origem.<\/p>\n<p>Crit\u00e9rios para doar\u00a0\u2013\u00a0Para ser um doador de sangue \u00e9 preciso: estar saud\u00e1vel, bem alimentado, ter mais de 50 kg, ter entre 16 a 69 anos de idade e apresentar um documento oficial e original com foto. OS menores de 18 anos precisam estar acompanhados de um dos respons\u00e1veis legais para doar.<\/p>\n<p><strong>CARIRI EM A\u00c7\u00c3O<\/strong><\/p>\n<p><em>Com Secom-PB\/Foto: Reprodu\u00e7\u00e3o Internet<\/em><\/p>\n<p><strong>Leia mais not\u00edcias em\u00a0<\/strong><a href=\"http:\/\/www.caririemacao.com\/\"><strong>caririemacao.com<\/strong><\/a><strong>, siga nossa p\u00e1gina no\u00a0<\/strong><a href=\"https:\/\/www.facebook.com\/CaririEmAcao\/?ref=aymt_homepage_panel\"><strong>Facebook<\/strong><\/a>,<strong>\u00a0<\/strong><a href=\"https:\/\/www.instagram.com\/cariri_em_acao\/?hl=pt-br\"><strong>Instagram<\/strong><\/a><strong>\u00a0e <\/strong><a href=\"https:\/\/www.youtube.com\/channel\/UCAptA0jQuYQy8vMhLt2m4qg\"><strong>Youtube<\/strong><\/a><strong>\u00a0e veja nossas mat\u00e9rias, v\u00eddeos e fotos. Voc\u00ea tamb\u00e9m pode enviar informa\u00e7\u00f5es \u00e0 Reda\u00e7\u00e3o do Portal Cariri em A\u00e7\u00e3o pelo WhatsApp (83) 9 9634.5791, (83) 9 9601-1162.<\/strong><\/p>\n","protected":false},"excerpt":{"rendered":"<p>O Hemocentro da Para\u00edba lan\u00e7a, nesta segunda-feira (5), o bloco \u2018Foli\u00e3o Doador\u2019. A a\u00e7\u00e3o faz parte da campanha de Carnaval que tem como tema \u201cCaia&hellip; <\/p>\n","protected":false},"author":2,"featured_media":13782,"comment_status":"closed","ping_status":"closed","sticky":false,"template":"","format":"standard","meta":{"sfsi_plus_gutenberg_text_before_share":"","sfsi_plus_gutenberg_show_text_before_share":"","sfsi_plus_gutenberg_icon_type":"","sfsi_plus_gutenberg_icon_alignemt":"","sfsi_plus_gutenburg_max_per_row":"","footnotes":""},"categories":[16],"tags":[],"class_list":["post-39924","post","type-post","status-publish","format-standard","has-post-thumbnail","hentry","category-saude"],"_links":{"self":[{"href":"https:\/\/www.caririemacao.com\/1\/wp-json\/wp\/v2\/posts\/39924","targetHints":{"allow":["GET"]}}],"collection":[{"href":"https:\/\/www.caririemacao.com\/1\/wp-json\/wp\/v2\/posts"}],"about":[{"href":"https:\/\/www.caririemacao.com\/1\/wp-json\/wp\/v2\/types\/post"}],"author":[{"embeddable":true,"href":"https:\/\/www.caririemacao.com\/1\/wp-json\/wp\/v2\/users\/2"}],"replies":[{"embeddable":true,"href":"https:\/\/www.caririemacao.com\/1\/wp-json\/wp\/v2\/comments?post=39924"}],"version-history":[{"count":0,"href":"https:\/\/www.caririemacao.com\/1\/wp-json\/wp\/v2\/posts\/39924\/revisions"}],"wp:featuredmedia":[{"embeddable":true,"href":"https:\/\/www.caririemacao.com\/1\/wp-json\/wp\/v2\/media\/13782"}],"wp:attachment":[{"href":"https:\/\/www.caririemacao.com\/1\/wp-json\/wp\/v2\/media?parent=39924"}],"wp:term":[{"taxonomy":"category","embeddable":true,"href":"https:\/\/www.caririemacao.com\/1\/wp-json\/wp\/v2\/categories?post=39924"},{"taxonomy":"post_tag","embeddable":true,"href":"https:\/\/www.caririemacao.com\/1\/wp-json\/wp\/v2\/tags?post=39924"}],"curies":[{"name":"wp","href":"https:\/\/api.w.org\/{rel}","templated":true}]}}