{"id":39926,"date":"2018-02-05T10:26:18","date_gmt":"2018-02-05T13:26:18","guid":{"rendered":"http:\/\/caririemacao.com\/1\/?p=39926"},"modified":"2018-02-05T10:26:18","modified_gmt":"2018-02-05T13:26:18","slug":"concursos-abertos-oferecem-quase-900-vagas-de-emprego-na-paraiba","status":"publish","type":"post","link":"https:\/\/www.caririemacao.com\/1\/2018\/02\/05\/concursos-abertos-oferecem-quase-900-vagas-de-emprego-na-paraiba\/","title":{"rendered":"Concursos abertos oferecem quase 900 vagas de emprego na Para\u00edba"},"content":{"rendered":"<div class=\"mc-column\">\n<div class=\"content-publication-data\">\n<p class=\"content-publication-data__updated\">Pelo menos quatro concursos p\u00fablicos e sele\u00e7\u00f5es na Para\u00edba oferecem 893 vagas de emprego em Jo\u00e3o Pessoa, Serra Branca e S\u00e3o Jos\u00e9 dos Ramos. Dois certames encerram as inscri\u00e7\u00f5es neste domingo (4), enquanto um terceiro inicia o prazo para se inscrever na segunda-feira (5).<\/p>\n<p class=\"content-publication-data__updated\"><strong>Concurso da prefeitura de Serra Branca<\/strong><\/p>\n<div class=\"mc-column content-text active-extra-styles \" data-block-type=\"unstyled\" data-block-weight=\"50\" data-block-id=\"4\">\n<p class=\"content-text__container \" data-track-category=\"Link no Texto\" data-track-links=\"\">Terminam neste domingo (4) as inscri\u00e7\u00f5es para o\u00a0concurso da Prefeitura de Serra Branca, no Cariri paraibano. O concurso oferece que oferece 103 vagas de emprego, em cargos de todos os n\u00edveis de escolaridade. De acordo com o edital,\u00a0<a href=\"https:\/\/cpcon.uepb.edu.br\/concursos\/PMSerraBrancaPB2018\/\" target=\"_blank\" rel=\"noopener\">as inscri\u00e7\u00f5es s\u00e3o feitas exclusivamente pela internet, no site da organizadora<\/a>.<\/p>\n<\/div>\n<div class=\"mc-column content-text active-extra-styles\" data-block-type=\"raw\" data-block-weight=\"9\" data-block-id=\"5\">\n<ul class=\"content-unordered-list\">\n<li><a href=\"https:\/\/cpcon.uepb.edu.br\/concursos\/PMSerraBrancaPB2018\/\" target=\"_blank\" rel=\"noopener\">Veja edital do concurso da prefeitura de Serra Branca\u00a0<\/a><\/li>\n<\/ul>\n<p><strong>Concurso do IPM de Jo\u00e3o Pessoa<\/strong><\/p>\n<div class=\"mc-column content-text active-extra-styles \" data-block-type=\"unstyled\" data-block-weight=\"46\" data-block-id=\"7\">\n<p class=\"content-text__container \" data-track-category=\"Link no Texto\" data-track-links=\"\">Tamb\u00e9m se encerram neste domingo as inscri\u00e7\u00f5es para o\u00a0concurso do Instituto de Previd\u00eancia do Munic\u00edpio de Jo\u00e3o Pessoa (IPM\/JP), que oferece 60 vagas\u00a0em cargos de n\u00edvel m\u00e9dio, t\u00e9cnico e superior. As inscri\u00e7\u00f5es devem ser feitas exclusivamente pela internet,\u00a0<a href=\"https:\/\/www.ibade.org.br\/Concurso\/366\/Inicio\" target=\"_blank\" rel=\"noopener\">no site da organizadora do concurso<\/a>.<\/p>\n<\/div>\n<div class=\"mc-column content-text active-extra-styles\" data-block-type=\"raw\" data-block-weight=\"9\" data-block-id=\"8\">\n<ul class=\"content-unordered-list\">\n<li><a href=\"https:\/\/www.ibade.org.br\/Cms_Data\/Contents\/SistemaConcursoIBADE\/Media\/IPJPPB2017\/edital\/EDITAL-INSTITUTO-JO-O-PESSOA-PUBLICADO-281217-jan2018.pdf\" target=\"_blank\" rel=\"noopener\">Veja edital do concurso do IPM de Jo\u00e3o Pessoa<\/a><\/li>\n<\/ul>\n<p><strong>Concurso da prefeitura de S\u00e3o Jos\u00e9 dos Ramos<\/strong><\/p>\n<div class=\"mc-column content-text active-extra-styles \" data-block-type=\"unstyled\" data-block-weight=\"65\" data-block-id=\"10\">\n<p class=\"content-text__container \" data-track-category=\"Link no Texto\" data-track-links=\"\">Est\u00e3o abertas as inscri\u00e7\u00f5es para o\u00a0concurso da Prefeitura de S\u00e3o Jos\u00e9 dos Ramos, na Mata paraibana, que oferece 143 vagas de emprego para cargos em todos os n\u00edveis de escolaridade e sal\u00e1rios que variam de R$ 937 a R$ 10 mil. De acordo com o edital do concurso da prefeitura de S\u00e3o Jos\u00e9 dos Ramos, as inscri\u00e7\u00f5es v\u00e3o at\u00e9 o dia 23 de fevereiro.<\/p>\n<\/div>\n<div class=\"mc-column content-text active-extra-styles\" data-block-type=\"raw\" data-block-weight=\"11\" data-block-id=\"11\">\n<ul class=\"content-unordered-list\">\n<li><a href=\"http:\/\/www.facetconcursos.com.br\/saojosedosramos\/edital.pdf\" target=\"_blank\" rel=\"noopener\">Veja edital do concurso da prefeitura de S\u00e3o Jos\u00e9 dos Ramos<\/a><\/li>\n<\/ul>\n<p><strong>Concurso da sa\u00fade de Jo\u00e3o Pessoa<\/strong><\/p>\n<\/div>\n<div class=\"mc-column content-text active-extra-styles \" data-block-type=\"unstyled\" data-block-weight=\"65\" data-block-id=\"15\">\n<p class=\"content-text__container \" data-track-category=\"Link no Texto\" data-track-links=\"\">Come\u00e7am nesta segunda-feira (5) as inscri\u00e7\u00f5es para o\u00a0concurso da \u00e1rea da sa\u00fade da Prefeitura de Jo\u00e3o Pessoa, com 587 vagas\u00a0para as Unidades de Pronto Atendimento (UPAs) dos Banc\u00e1rios e Augusto Almeida Filho, em Cruz das Armas, e para o Servi\u00e7o de Atendimento M\u00f3vel de Urg\u00eancia (Samu). As inscri\u00e7\u00f5es acontecem apenas via internet, no\u00a0<a href=\"http:\/\/www.institutoaocp.org.br\/concurso.jsp?id=182\" target=\"_blank\" rel=\"noopener\">site da organizadora, o Instituto AOCP<\/a>, at\u00e9 16 de mar\u00e7o.<\/p>\n<\/div>\n<div data-track-category=\"fim do conteudo\" data-track-action=\"ultimo chunk conteudo\" data-track-noninteraction=\"false\" data-track-scroll=\"entrada completa viewport\">\n<div class=\"mc-column content-text active-extra-styles\" data-block-type=\"raw\" data-block-weight=\"9\" data-block-id=\"16\">\n<ul class=\"content-unordered-list\">\n<li><a href=\"http:\/\/www.institutoaocp.org.br\/concursos\/arquivos\/edital_abertura_saoluis.pdf\" target=\"_blank\" rel=\"noopener\">Veja edital do concurso da sa\u00fade de Jo\u00e3o Pessoa<\/a><\/li>\n<\/ul>\n<p><strong>CARIRI EM A\u00c7\u00c3O<\/strong><\/p>\n<p><em>Com G1 \/Foto: Reprodu\u00e7\u00e3o Internet<\/em><\/p>\n<p><strong>Leia mais not\u00edcias em\u00a0<\/strong><a href=\"http:\/\/www.caririemacao.com\/\"><strong>caririemacao.com<\/strong><\/a><strong>, siga nossa p\u00e1gina no\u00a0<\/strong><a href=\"https:\/\/www.facebook.com\/CaririEmAcao\/?ref=aymt_homepage_panel\"><strong>Facebook<\/strong><\/a>,<strong>\u00a0<\/strong><a href=\"https:\/\/www.instagram.com\/cariri_em_acao\/?hl=pt-br\"><strong>Instagram<\/strong><\/a><strong>\u00a0e <\/strong><a href=\"https:\/\/www.youtube.com\/channel\/UCAptA0jQuYQy8vMhLt2m4qg\"><strong>Youtube<\/strong><\/a><strong>\u00a0e veja nossas mat\u00e9rias, v\u00eddeos e fotos. Voc\u00ea tamb\u00e9m pode enviar informa\u00e7\u00f5es \u00e0 Reda\u00e7\u00e3o do Portal Cariri em A\u00e7\u00e3o pelo WhatsApp (83) 9 9634.5791, (83) 9 9601-1162.<\/strong><\/p>\n<\/div>\n<\/div>\n<\/div>\n<\/div>\n<\/div>\n<\/div>\n","protected":false},"excerpt":{"rendered":"<p>Pelo menos quatro concursos p\u00fablicos e sele\u00e7\u00f5es na Para\u00edba oferecem 893 vagas de emprego em Jo\u00e3o Pessoa, Serra Branca e S\u00e3o Jos\u00e9 dos Ramos. Dois&hellip; <\/p>\n","protected":false},"author":2,"featured_media":25124,"comment_status":"closed","ping_status":"closed","sticky":false,"template":"","format":"standard","meta":{"sfsi_plus_gutenberg_text_before_share":"","sfsi_plus_gutenberg_show_text_before_share":"","sfsi_plus_gutenberg_icon_type":"","sfsi_plus_gutenberg_icon_alignemt":"","sfsi_plus_gutenburg_max_per_row":"","footnotes":""},"categories":[2],"tags":[],"class_list":["post-39926","post","type-post","status-publish","format-standard","has-post-thumbnail","hentry","category-geral"],"_links":{"self":[{"href":"https:\/\/www.caririemacao.com\/1\/wp-json\/wp\/v2\/posts\/39926","targetHints":{"allow":["GET"]}}],"collection":[{"href":"https:\/\/www.caririemacao.com\/1\/wp-json\/wp\/v2\/posts"}],"about":[{"href":"https:\/\/www.caririemacao.com\/1\/wp-json\/wp\/v2\/types\/post"}],"author":[{"embeddable":true,"href":"https:\/\/www.caririemacao.com\/1\/wp-json\/wp\/v2\/users\/2"}],"replies":[{"embeddable":true,"href":"https:\/\/www.caririemacao.com\/1\/wp-json\/wp\/v2\/comments?post=39926"}],"version-history":[{"count":0,"href":"https:\/\/www.caririemacao.com\/1\/wp-json\/wp\/v2\/posts\/39926\/revisions"}],"wp:featuredmedia":[{"embeddable":true,"href":"https:\/\/www.caririemacao.com\/1\/wp-json\/wp\/v2\/media\/25124"}],"wp:attachment":[{"href":"https:\/\/www.caririemacao.com\/1\/wp-json\/wp\/v2\/media?parent=39926"}],"wp:term":[{"taxonomy":"category","embeddable":true,"href":"https:\/\/www.caririemacao.com\/1\/wp-json\/wp\/v2\/categories?post=39926"},{"taxonomy":"post_tag","embeddable":true,"href":"https:\/\/www.caririemacao.com\/1\/wp-json\/wp\/v2\/tags?post=39926"}],"curies":[{"name":"wp","href":"https:\/\/api.w.org\/{rel}","templated":true}]}}