{"id":39967,"date":"2018-02-06T07:05:41","date_gmt":"2018-02-06T10:05:41","guid":{"rendered":"http:\/\/caririemacao.com\/1\/?p=39967"},"modified":"2018-02-06T07:05:41","modified_gmt":"2018-02-06T10:05:41","slug":"viatura-da-pm-capota-na-pb","status":"publish","type":"post","link":"https:\/\/www.caririemacao.com\/1\/2018\/02\/06\/viatura-da-pm-capota-na-pb\/","title":{"rendered":"Viatura da PM capota na PB"},"content":{"rendered":"<div>Policiais militares do destacamento de Bara\u00fana-PB sofreram um acidente na tarde de ontem (05), na zona rural de Bara\u00fana limite com Picu\u00ed.<\/div>\n<div><\/div>\n<div>Os Soldado F\u00e9lix e S.Santos estavam fazendo ronda de averigua\u00e7\u00e3o quando perceberam que um celta vinha em dire\u00e7\u00e3o a viatura dos PM e nesse momento, para evitar que o celta batesse de frente com a viatura, o Soldado F\u00e9lix jogou a viatura em cima de uma barreira para evitar o pior.<\/div>\n<div><\/div>\n<div class=\"separator\">\u00a0A viatura veio a capotar. O motorista do celta estava embriagado e foi conduzido para a delegacia para os procedimentos cab\u00edveis; j\u00e1 os militares passa bem.<\/div>\n<div>\n<p><strong>CARIRI EM A\u00c7\u00c3O<\/strong><\/p>\n<p>catoleagora.com com O Pipoco \/Foto: O Pipoco<\/p>\n<p><strong>Leia mais not\u00edcias em\u00a0<\/strong><a href=\"http:\/\/www.caririemacao.com\/\"><strong>caririemacao.com<\/strong><\/a><strong>, siga nossa p\u00e1gina no\u00a0<\/strong><a href=\"https:\/\/www.facebook.com\/CaririEmAcao\/?ref=aymt_homepage_panel\"><strong>Facebook<\/strong><\/a>,<strong>\u00a0<\/strong><a href=\"https:\/\/www.instagram.com\/cariri_em_acao\/?hl=pt-br\"><strong>Instagram<\/strong><\/a><strong>\u00a0e\u00a0<\/strong><a href=\"https:\/\/www.youtube.com\/channel\/UCAptA0jQuYQy8vMhLt2m4qg\"><strong>Youtube<\/strong><\/a><strong>\u00a0e veja nossas mat\u00e9rias, v\u00eddeos e fotos. Voc\u00ea tamb\u00e9m pode enviar informa\u00e7\u00f5es \u00e0 Reda\u00e7\u00e3o do Portal Cariri em A\u00e7\u00e3o pelo WhatsApp (83) 9 9634.5791, (83) 9 9601-1162.<\/strong><\/p>\n<\/div>\n","protected":false},"excerpt":{"rendered":"<p>Policiais militares do destacamento de Bara\u00fana-PB sofreram um acidente na tarde de ontem (05), na zona rural de Bara\u00fana limite com Picu\u00ed. Os Soldado F\u00e9lix&hellip; <\/p>\n","protected":false},"author":2,"featured_media":39968,"comment_status":"closed","ping_status":"closed","sticky":false,"template":"","format":"standard","meta":{"sfsi_plus_gutenberg_text_before_share":"","sfsi_plus_gutenberg_show_text_before_share":"","sfsi_plus_gutenberg_icon_type":"","sfsi_plus_gutenberg_icon_alignemt":"","sfsi_plus_gutenburg_max_per_row":"","footnotes":""},"categories":[12],"tags":[],"class_list":["post-39967","post","type-post","status-publish","format-standard","has-post-thumbnail","hentry","category-policia"],"_links":{"self":[{"href":"https:\/\/www.caririemacao.com\/1\/wp-json\/wp\/v2\/posts\/39967","targetHints":{"allow":["GET"]}}],"collection":[{"href":"https:\/\/www.caririemacao.com\/1\/wp-json\/wp\/v2\/posts"}],"about":[{"href":"https:\/\/www.caririemacao.com\/1\/wp-json\/wp\/v2\/types\/post"}],"author":[{"embeddable":true,"href":"https:\/\/www.caririemacao.com\/1\/wp-json\/wp\/v2\/users\/2"}],"replies":[{"embeddable":true,"href":"https:\/\/www.caririemacao.com\/1\/wp-json\/wp\/v2\/comments?post=39967"}],"version-history":[{"count":0,"href":"https:\/\/www.caririemacao.com\/1\/wp-json\/wp\/v2\/posts\/39967\/revisions"}],"wp:featuredmedia":[{"embeddable":true,"href":"https:\/\/www.caririemacao.com\/1\/wp-json\/wp\/v2\/media\/39968"}],"wp:attachment":[{"href":"https:\/\/www.caririemacao.com\/1\/wp-json\/wp\/v2\/media?parent=39967"}],"wp:term":[{"taxonomy":"category","embeddable":true,"href":"https:\/\/www.caririemacao.com\/1\/wp-json\/wp\/v2\/categories?post=39967"},{"taxonomy":"post_tag","embeddable":true,"href":"https:\/\/www.caririemacao.com\/1\/wp-json\/wp\/v2\/tags?post=39967"}],"curies":[{"name":"wp","href":"https:\/\/api.w.org\/{rel}","templated":true}]}}