{"id":39970,"date":"2018-02-06T07:19:10","date_gmt":"2018-02-06T10:19:10","guid":{"rendered":"http:\/\/caririemacao.com\/1\/?p=39970"},"modified":"2018-02-06T07:19:10","modified_gmt":"2018-02-06T10:19:10","slug":"petrobras-reduz-o-preco-do-gas-de-cozinha-a-partir-desta-terca-feira","status":"publish","type":"post","link":"https:\/\/www.caririemacao.com\/1\/2018\/02\/06\/petrobras-reduz-o-preco-do-gas-de-cozinha-a-partir-desta-terca-feira\/","title":{"rendered":"Petrobr\u00e1s reduz o pre\u00e7o do g\u00e1s de cozinha a partir desta ter\u00e7a-feira"},"content":{"rendered":"<p>A Petrobras informou que decidiu reduzir os pre\u00e7os de comercializa\u00e7\u00e3o \u00e0s distribuidoras do GLP (g\u00e1s liquefeito de petr\u00f3leo) destinado aos usos industrial e comercial, no percentual m\u00e9dio de -4,6% e vig\u00eancia a partir de amanh\u00e3 (6).<\/p>\n<p>A altera\u00e7\u00e3o mostra-se necess\u00e1ria devido \u00e0 queda das cota\u00e7\u00f5es internacionais do produto, que reflete a proximidade do fim do inverno na Europa, com o consequente arrefecimento da demanda pelo derivado.<\/p>\n<p>A Petrobras esclarece que a corre\u00e7\u00e3o n\u00e3o se aplica aos pre\u00e7os de GLP destinado ao uso residencial, comercializado pelas distribuidoras em botij\u00f5es de at\u00e9 13 kilogramas (kg), conhecido como g\u00e1s de cozinha.<\/p>\n<p>O Sindicato Nacional das Empresas Distribuidoras de G\u00e1s Liquefeito de Petr\u00f3leo (Sindig\u00e1s) informou, em nota, que suas empresas associadas foram comunicadas pela Petrobras na tarde de hoje sobre queda no pre\u00e7o do GLP empresarial para embalagens acima de 13 kg.<\/p>\n<p>De acordo com as informa\u00e7\u00f5es que as distribuidoras receberam da Petrobras, a redu\u00e7\u00e3o ser\u00e1 entre 4,2% e 4,9%, dependendo do polo de suprimento.<\/p>\n<p>O Sindig\u00e1s refor\u00e7a que falta ainda uma pol\u00edtica de pre\u00e7os para o GLP empresarial, o que faz persistir a diferen\u00e7a de pre\u00e7os entre o GLP residencial e o empresarial e, ainda, o \u00e1gio cobrado pela Petrobras em rela\u00e7\u00e3o ao pre\u00e7o praticado no mercado internacional para o produto.<\/p>\n<p>O sindicato calcula que o valor do GLP empresarial, destinado aos setores do com\u00e9rcio e da ind\u00fastria, ficar\u00e1 32,82% acima da paridade de importa\u00e7\u00e3o e 35,20% mais caro em rela\u00e7\u00e3o ao g\u00e1s comercializado em embalagens de at\u00e9 13 kg.<\/p>\n<p><strong>CARIRI EM A\u00c7\u00c3O<\/strong><\/p>\n<p>Com Vitrine do Cariri\/Foto: Reprodu\u00e7\u00e3o google<\/p>\n<p><strong>Leia mais not\u00edcias em\u00a0<\/strong><a href=\"http:\/\/www.caririemacao.com\/\"><strong>caririemacao.com<\/strong><\/a><strong>, siga nossa p\u00e1gina no\u00a0<\/strong><a href=\"https:\/\/www.facebook.com\/CaririEmAcao\/?ref=aymt_homepage_panel\"><strong>Facebook<\/strong><\/a>,<strong>\u00a0<\/strong><a href=\"https:\/\/www.instagram.com\/cariri_em_acao\/?hl=pt-br\"><strong>Instagram<\/strong><\/a><strong>\u00a0e\u00a0<\/strong><a href=\"https:\/\/www.youtube.com\/channel\/UCAptA0jQuYQy8vMhLt2m4qg\"><strong>Youtube<\/strong><\/a><strong>\u00a0e veja nossas mat\u00e9rias, v\u00eddeos e fotos. Voc\u00ea tamb\u00e9m pode enviar informa\u00e7\u00f5es \u00e0 Reda\u00e7\u00e3o do Portal Cariri em A\u00e7\u00e3o pelo WhatsApp (83) 9 9634.5791, (83) 9 9601-1162.<\/strong><\/p>\n","protected":false},"excerpt":{"rendered":"<p>A Petrobras informou que decidiu reduzir os pre\u00e7os de comercializa\u00e7\u00e3o \u00e0s distribuidoras do GLP (g\u00e1s liquefeito de petr\u00f3leo) destinado aos usos industrial e comercial, no&hellip; <\/p>\n","protected":false},"author":2,"featured_media":21362,"comment_status":"closed","ping_status":"closed","sticky":false,"template":"","format":"standard","meta":{"sfsi_plus_gutenberg_text_before_share":"","sfsi_plus_gutenberg_show_text_before_share":"","sfsi_plus_gutenberg_icon_type":"","sfsi_plus_gutenberg_icon_alignemt":"","sfsi_plus_gutenburg_max_per_row":"","footnotes":""},"categories":[2],"tags":[],"class_list":["post-39970","post","type-post","status-publish","format-standard","has-post-thumbnail","hentry","category-geral"],"_links":{"self":[{"href":"https:\/\/www.caririemacao.com\/1\/wp-json\/wp\/v2\/posts\/39970","targetHints":{"allow":["GET"]}}],"collection":[{"href":"https:\/\/www.caririemacao.com\/1\/wp-json\/wp\/v2\/posts"}],"about":[{"href":"https:\/\/www.caririemacao.com\/1\/wp-json\/wp\/v2\/types\/post"}],"author":[{"embeddable":true,"href":"https:\/\/www.caririemacao.com\/1\/wp-json\/wp\/v2\/users\/2"}],"replies":[{"embeddable":true,"href":"https:\/\/www.caririemacao.com\/1\/wp-json\/wp\/v2\/comments?post=39970"}],"version-history":[{"count":0,"href":"https:\/\/www.caririemacao.com\/1\/wp-json\/wp\/v2\/posts\/39970\/revisions"}],"wp:featuredmedia":[{"embeddable":true,"href":"https:\/\/www.caririemacao.com\/1\/wp-json\/wp\/v2\/media\/21362"}],"wp:attachment":[{"href":"https:\/\/www.caririemacao.com\/1\/wp-json\/wp\/v2\/media?parent=39970"}],"wp:term":[{"taxonomy":"category","embeddable":true,"href":"https:\/\/www.caririemacao.com\/1\/wp-json\/wp\/v2\/categories?post=39970"},{"taxonomy":"post_tag","embeddable":true,"href":"https:\/\/www.caririemacao.com\/1\/wp-json\/wp\/v2\/tags?post=39970"}],"curies":[{"name":"wp","href":"https:\/\/api.w.org\/{rel}","templated":true}]}}