{"id":40096,"date":"2018-02-06T20:53:43","date_gmt":"2018-02-06T23:53:43","guid":{"rendered":"http:\/\/caririemacao.com\/1\/?p=40096"},"modified":"2018-02-06T20:53:43","modified_gmt":"2018-02-06T23:53:43","slug":"rodrigo-maia-admite-que-o-governo-segue-em-busca-dos-votos-necessarios-para-reforma-da-previdencia","status":"publish","type":"post","link":"https:\/\/www.caririemacao.com\/1\/2018\/02\/06\/rodrigo-maia-admite-que-o-governo-segue-em-busca-dos-votos-necessarios-para-reforma-da-previdencia\/","title":{"rendered":"Rodrigo Maia admite que o governo segue em busca dos votos necess\u00e1rios para Reforma da Previd\u00eancia"},"content":{"rendered":"<p>O presidente da C\u00e2mara dos Deputados, Rodrigo Maia, disse nesta ter\u00e7a-feira (6) que trabalha para conseguir os votos para aprova\u00e7\u00e3o da reforma da Previd\u00eancia no dia 19 de fevereiro.<\/p>\n<p>\u201cN\u00e3o vou mentir para a sociedade: hoje n\u00e3o tem 308 votos. Agora, o Brasil \u00e9 um pa\u00eds em que as coisas mudam com tanta rapidez. Quem sabe a gente consegue, depois do carnaval, todo mundo descansando um pouquinho, construir uma maioria para aprovar aquilo que for poss\u00edvel\u201d, disse o deputado, ap\u00f3s participar de reuni\u00e3o com o prefeito Jo\u00e3o D\u00f3ria, na sede da prefeitura, no centro da capital paulista.<\/p>\n<p>\u201cTenho clareza da minha posi\u00e7\u00e3o. N\u00e3o escondo de ningu\u00e9m que sou a favor e acho que \u00e9 \u00fanico caminho que o Brasil tem para voltar a gerar empregos nesse pa\u00eds. Se a gente quer fazer a coisa s\u00e9ria, vou continuar defendendo. Agora a constru\u00e7\u00e3o da maioria \u00e9 lenta, porque n\u00f3s temos hoje uma sociedade que ainda n\u00e3o compreendeu que a reforma do regime geral do\u00a0 Instituto Nacional do Seguro Social (INSS) \u00e9 positiva. Ela compreendeu a do servi\u00e7o p\u00fablico\u201d, apontou.<\/p>\n<p>Rodrigo Maia confirmou que o debate eleitoral tamb\u00e9m foi pauta do encontro. \u201cO que tenho dito a todos \u00e9 que o nosso partido Democratas n\u00e3o vai fazer nenhum tipo de liga\u00e7\u00e3o da elei\u00e7\u00e3o regional, da nacional. N\u00f3s entendemos que o projeto pol\u00edtico regional \u00e9 separado\u201d, declarou. Ele destacou que a rela\u00e7\u00e3o entre o Democratas e o PSDB em S\u00e3o Paulo \u00e9 uma rela\u00e7\u00e3o natural. \u201cEssa separa\u00e7\u00e3o dos dois processos \u00e9 para que nenhum precise contaminar o outro\u201d, destacou.<\/p>\n<p>O deputado avaliou que o cen\u00e1rio pol\u00edtico est\u00e1 aberto para que os partidos decidam sobre projetos e candidatos majorit\u00e1rios.<\/p>\n<p>\u201cTirando o presidente Lula, n\u00e3o h\u00e1 nenhuma candidatura hoje consolidada, ent\u00e3o, se n\u00f3s deixarmos que os diret\u00f3rios regionais decidam os seus projetos, acho que o DEM tem condi\u00e7\u00e3o de tentar viabilizar o seu projeto nacional tamb\u00e9m\u201d, disse Maia, sem confirmar que poder\u00e1 sair candidato \u00e0 Presid\u00eancia da Rep\u00fablica. \u201cO partido vai decidir a partir de mar\u00e7o. Agora, estou focado na pauta da Previd\u00eancia\u201d, apontou.<\/p>\n<p><strong>CARIRI EM A\u00c7\u00c3O<\/strong><\/p>\n<p><em>Com Pol\u00eamica Para\u00edba \/Foto: Reprodu\u00e7\u00e3o Internet<\/em><\/p>\n<p><strong>Leia mais not\u00edcias em\u00a0<\/strong><a href=\"http:\/\/www.caririemacao.com\/\"><strong>caririemacao.com<\/strong><\/a><strong>, siga nossa p\u00e1gina no\u00a0<\/strong><a href=\"https:\/\/www.facebook.com\/CaririEmAcao\/?ref=aymt_homepage_panel\"><strong>Facebook<\/strong><\/a>,<strong>\u00a0<\/strong><a href=\"https:\/\/www.instagram.com\/cariri_em_acao\/?hl=pt-br\"><strong>Instagram<\/strong><\/a><strong>\u00a0e\u00a0<\/strong><a href=\"https:\/\/www.youtube.com\/channel\/UCAptA0jQuYQy8vMhLt2m4qg\"><strong>Youtube<\/strong><\/a><strong>\u00a0e veja nossas mat\u00e9rias, v\u00eddeos e fotos. Voc\u00ea tamb\u00e9m pode enviar informa\u00e7\u00f5es \u00e0 Reda\u00e7\u00e3o do Portal Cariri em A\u00e7\u00e3o pelo WhatsApp (83) 9 9634.5791, (83) 9 9601-1162.<\/strong><\/p>\n","protected":false},"excerpt":{"rendered":"<p>O presidente da C\u00e2mara dos Deputados, Rodrigo Maia, disse nesta ter\u00e7a-feira (6) que trabalha para conseguir os votos para aprova\u00e7\u00e3o da reforma da Previd\u00eancia no&hellip; <\/p>\n","protected":false},"author":2,"featured_media":40097,"comment_status":"closed","ping_status":"closed","sticky":false,"template":"","format":"standard","meta":{"sfsi_plus_gutenberg_text_before_share":"","sfsi_plus_gutenberg_show_text_before_share":"","sfsi_plus_gutenberg_icon_type":"","sfsi_plus_gutenberg_icon_alignemt":"","sfsi_plus_gutenburg_max_per_row":"","footnotes":""},"categories":[11],"tags":[],"class_list":["post-40096","post","type-post","status-publish","format-standard","has-post-thumbnail","hentry","category-politica"],"_links":{"self":[{"href":"https:\/\/www.caririemacao.com\/1\/wp-json\/wp\/v2\/posts\/40096","targetHints":{"allow":["GET"]}}],"collection":[{"href":"https:\/\/www.caririemacao.com\/1\/wp-json\/wp\/v2\/posts"}],"about":[{"href":"https:\/\/www.caririemacao.com\/1\/wp-json\/wp\/v2\/types\/post"}],"author":[{"embeddable":true,"href":"https:\/\/www.caririemacao.com\/1\/wp-json\/wp\/v2\/users\/2"}],"replies":[{"embeddable":true,"href":"https:\/\/www.caririemacao.com\/1\/wp-json\/wp\/v2\/comments?post=40096"}],"version-history":[{"count":0,"href":"https:\/\/www.caririemacao.com\/1\/wp-json\/wp\/v2\/posts\/40096\/revisions"}],"wp:featuredmedia":[{"embeddable":true,"href":"https:\/\/www.caririemacao.com\/1\/wp-json\/wp\/v2\/media\/40097"}],"wp:attachment":[{"href":"https:\/\/www.caririemacao.com\/1\/wp-json\/wp\/v2\/media?parent=40096"}],"wp:term":[{"taxonomy":"category","embeddable":true,"href":"https:\/\/www.caririemacao.com\/1\/wp-json\/wp\/v2\/categories?post=40096"},{"taxonomy":"post_tag","embeddable":true,"href":"https:\/\/www.caririemacao.com\/1\/wp-json\/wp\/v2\/tags?post=40096"}],"curies":[{"name":"wp","href":"https:\/\/api.w.org\/{rel}","templated":true}]}}