{"id":40111,"date":"2018-02-06T21:17:59","date_gmt":"2018-02-07T00:17:59","guid":{"rendered":"http:\/\/caririemacao.com\/1\/?p=40111"},"modified":"2018-02-06T21:17:59","modified_gmt":"2018-02-07T00:17:59","slug":"procuradoria-regional-eleitoral-da-paracer-favoravel-ao-prefeito-de-barra-de-sao-miguel","status":"publish","type":"post","link":"https:\/\/www.caririemacao.com\/1\/2018\/02\/06\/procuradoria-regional-eleitoral-da-paracer-favoravel-ao-prefeito-de-barra-de-sao-miguel\/","title":{"rendered":"PROCURADORIA REGIONAL ELEITORAL D\u00c1 PARACER FAVOR\u00c1VEL AO PREFEITO DE BARRA DE S\u00c3O MIGUEL"},"content":{"rendered":"<p>A Procuradoria Regional Eleitoral apresentou um parecer favor\u00e1vel ao prefeito de Barra de S\u00e3o Miguel, Jo\u00e3o Batista (PSB).<\/p>\n<p>De acordo com o procurador Victor Caravalho, nos autos do processo constam apenas imagens que n\u00e3o demostra a efetiva distribui\u00e7\u00e3o de camisas e bebidas ou de qualquer outro il\u00edcito eleitoral.<\/p>\n<div class=\"text_exposed_show\">\n<p>Dessa forma, a Procuradoria Regional Eleitoral apresentou o parecer improcedente na denuncia feita contra o prefeito Jo\u00e3o Batista.<\/p>\n<p>O advogado do prefeito, Dr. Francisco Ferreira, em contato com a radialista Bruno Lira expressou que \u00e9 uma grande vit\u00f3ria para o gestor de Barra de S\u00e3o Miguel.&#8221; \u00c9 o Minist\u00e9rio P\u00fablico que est\u00e1 pedindo que esse processo seja votado improcedente&#8221;, frisou o advogado.<\/p>\n<p>O processo aguarda para ser votado em plen\u00e1rio pelos ju\u00edzes do Tribunal Regional Eleitoral da Para\u00edba.<\/p>\n<p><strong>CARIRI EM A\u00c7\u00c3O<\/strong><\/p>\n<p><em>Com Bruno Lira\/Foto:\u00a0Bruno Lira<\/em><\/p>\n<p><strong>Leia mais not\u00edcias em\u00a0<\/strong><a href=\"http:\/\/www.caririemacao.com\/\"><strong>caririemacao.com<\/strong><\/a><strong>, siga nossa p\u00e1gina no\u00a0<\/strong><a href=\"https:\/\/www.facebook.com\/CaririEmAcao\/?ref=aymt_homepage_panel\"><strong>Facebook<\/strong><\/a>,<strong>\u00a0<\/strong><a href=\"https:\/\/www.instagram.com\/cariri_em_acao\/?hl=pt-br\"><strong>Instagram<\/strong><\/a><strong>\u00a0e\u00a0<\/strong><a href=\"https:\/\/www.youtube.com\/channel\/UCAptA0jQuYQy8vMhLt2m4qg\"><strong>Youtube<\/strong><\/a><strong>\u00a0e veja nossas mat\u00e9rias, v\u00eddeos e fotos. Voc\u00ea tamb\u00e9m pode enviar informa\u00e7\u00f5es \u00e0 Reda\u00e7\u00e3o do Portal Cariri em A\u00e7\u00e3o pelo WhatsApp (83) 9 9634.5791, (83) 9 9601-1162.<\/strong><\/p>\n<\/div>\n","protected":false},"excerpt":{"rendered":"<p>A Procuradoria Regional Eleitoral apresentou um parecer favor\u00e1vel ao prefeito de Barra de S\u00e3o Miguel, Jo\u00e3o Batista (PSB). De acordo com o procurador Victor Caravalho,&hellip; <\/p>\n","protected":false},"author":2,"featured_media":40112,"comment_status":"closed","ping_status":"closed","sticky":false,"template":"","format":"standard","meta":{"sfsi_plus_gutenberg_text_before_share":"","sfsi_plus_gutenberg_show_text_before_share":"","sfsi_plus_gutenberg_icon_type":"","sfsi_plus_gutenberg_icon_alignemt":"","sfsi_plus_gutenburg_max_per_row":"","footnotes":""},"categories":[11],"tags":[],"class_list":["post-40111","post","type-post","status-publish","format-standard","has-post-thumbnail","hentry","category-politica"],"_links":{"self":[{"href":"https:\/\/www.caririemacao.com\/1\/wp-json\/wp\/v2\/posts\/40111","targetHints":{"allow":["GET"]}}],"collection":[{"href":"https:\/\/www.caririemacao.com\/1\/wp-json\/wp\/v2\/posts"}],"about":[{"href":"https:\/\/www.caririemacao.com\/1\/wp-json\/wp\/v2\/types\/post"}],"author":[{"embeddable":true,"href":"https:\/\/www.caririemacao.com\/1\/wp-json\/wp\/v2\/users\/2"}],"replies":[{"embeddable":true,"href":"https:\/\/www.caririemacao.com\/1\/wp-json\/wp\/v2\/comments?post=40111"}],"version-history":[{"count":0,"href":"https:\/\/www.caririemacao.com\/1\/wp-json\/wp\/v2\/posts\/40111\/revisions"}],"wp:featuredmedia":[{"embeddable":true,"href":"https:\/\/www.caririemacao.com\/1\/wp-json\/wp\/v2\/media\/40112"}],"wp:attachment":[{"href":"https:\/\/www.caririemacao.com\/1\/wp-json\/wp\/v2\/media?parent=40111"}],"wp:term":[{"taxonomy":"category","embeddable":true,"href":"https:\/\/www.caririemacao.com\/1\/wp-json\/wp\/v2\/categories?post=40111"},{"taxonomy":"post_tag","embeddable":true,"href":"https:\/\/www.caririemacao.com\/1\/wp-json\/wp\/v2\/tags?post=40111"}],"curies":[{"name":"wp","href":"https:\/\/api.w.org\/{rel}","templated":true}]}}