{"id":40118,"date":"2018-02-06T21:41:28","date_gmt":"2018-02-07T00:41:28","guid":{"rendered":"http:\/\/caririemacao.com\/1\/?p=40118"},"modified":"2018-02-06T21:41:28","modified_gmt":"2018-02-07T00:41:28","slug":"defesa-recebe-passaporte-de-lula","status":"publish","type":"post","link":"https:\/\/www.caririemacao.com\/1\/2018\/02\/06\/defesa-recebe-passaporte-de-lula\/","title":{"rendered":"Defesa recebe passaporte de Lula"},"content":{"rendered":"<p>O advogado Cristiano Zanin Martins, que defende o ex-presidente Luiz In\u00e1cio Lula da Silva, confirmou que a defesa recebeu o passaporte do petista, ap\u00f3s decis\u00e3o do Tribunal Regional Federal da 1\u00aa Regi\u00e3o (TRF1).<\/p>\n<p>&#8220;Em cumprimento a decis\u00e3o proferida pelo Tribunal Regional Federal da 1\u00aa. Regi\u00e3o (TRF1) nos autos do Habeas Corpus n\u00ba 1002070-75.2018.4.01.000, retiramos hoje (06\/02) o passaporte do ex-Presidente Lula que havia sido arrecadado pela Pol\u00edcia Federal no dia 25\/01. Tamb\u00e9m na data de hoje o Diretor-Geral da Pol\u00edcia Federal foi intimado para excluir o nome do ex-Presidente Lula do sistema de procurados e impedidos, nos termos da mesma decis\u00e3o&#8221;, disse o advogado, em nota.<\/p>\n<p>Na semana passada, o juiz federal Bruno Apolin\u00e1rio, do TRF-1, derrubou a decis\u00e3o que mandou recolher o passaporte de Lula e proibiu o ex-presidente de viajar ao exterior.<\/p>\n<p><strong>CARIRI EM A\u00c7\u00c3O<\/strong><\/p>\n<p><em>Com\u00a0Brasil 247 \/Foto:\u00a0Brasil 247<\/em><\/p>\n<p><strong>Leia mais not\u00edcias em\u00a0<\/strong><a href=\"http:\/\/www.caririemacao.com\/\"><strong>caririemacao.com<\/strong><\/a><strong>, siga nossa p\u00e1gina no\u00a0<\/strong><a href=\"https:\/\/www.facebook.com\/CaririEmAcao\/?ref=aymt_homepage_panel\"><strong>Facebook<\/strong><\/a>,<strong>\u00a0<\/strong><a href=\"https:\/\/www.instagram.com\/cariri_em_acao\/?hl=pt-br\"><strong>Instagram<\/strong><\/a><strong>\u00a0e\u00a0<\/strong><a href=\"https:\/\/www.youtube.com\/channel\/UCAptA0jQuYQy8vMhLt2m4qg\"><strong>Youtube<\/strong><\/a><strong>\u00a0e veja nossas mat\u00e9rias, v\u00eddeos e fotos. Voc\u00ea tamb\u00e9m pode enviar informa\u00e7\u00f5es \u00e0 Reda\u00e7\u00e3o do Portal Cariri em A\u00e7\u00e3o pelo WhatsApp (83) 9 9634.5791, (83) 9 9601-1162.<\/strong><\/p>\n","protected":false},"excerpt":{"rendered":"<p>O advogado Cristiano Zanin Martins, que defende o ex-presidente Luiz In\u00e1cio Lula da Silva, confirmou que a defesa recebeu o passaporte do petista, ap\u00f3s decis\u00e3o&hellip; <\/p>\n","protected":false},"author":2,"featured_media":40119,"comment_status":"closed","ping_status":"closed","sticky":false,"template":"","format":"standard","meta":{"sfsi_plus_gutenberg_text_before_share":"","sfsi_plus_gutenberg_show_text_before_share":"","sfsi_plus_gutenberg_icon_type":"","sfsi_plus_gutenberg_icon_alignemt":"","sfsi_plus_gutenburg_max_per_row":"","footnotes":""},"categories":[11],"tags":[],"class_list":["post-40118","post","type-post","status-publish","format-standard","has-post-thumbnail","hentry","category-politica"],"_links":{"self":[{"href":"https:\/\/www.caririemacao.com\/1\/wp-json\/wp\/v2\/posts\/40118","targetHints":{"allow":["GET"]}}],"collection":[{"href":"https:\/\/www.caririemacao.com\/1\/wp-json\/wp\/v2\/posts"}],"about":[{"href":"https:\/\/www.caririemacao.com\/1\/wp-json\/wp\/v2\/types\/post"}],"author":[{"embeddable":true,"href":"https:\/\/www.caririemacao.com\/1\/wp-json\/wp\/v2\/users\/2"}],"replies":[{"embeddable":true,"href":"https:\/\/www.caririemacao.com\/1\/wp-json\/wp\/v2\/comments?post=40118"}],"version-history":[{"count":0,"href":"https:\/\/www.caririemacao.com\/1\/wp-json\/wp\/v2\/posts\/40118\/revisions"}],"wp:featuredmedia":[{"embeddable":true,"href":"https:\/\/www.caririemacao.com\/1\/wp-json\/wp\/v2\/media\/40119"}],"wp:attachment":[{"href":"https:\/\/www.caririemacao.com\/1\/wp-json\/wp\/v2\/media?parent=40118"}],"wp:term":[{"taxonomy":"category","embeddable":true,"href":"https:\/\/www.caririemacao.com\/1\/wp-json\/wp\/v2\/categories?post=40118"},{"taxonomy":"post_tag","embeddable":true,"href":"https:\/\/www.caririemacao.com\/1\/wp-json\/wp\/v2\/tags?post=40118"}],"curies":[{"name":"wp","href":"https:\/\/api.w.org\/{rel}","templated":true}]}}