{"id":40121,"date":"2018-02-06T21:43:08","date_gmt":"2018-02-07T00:43:08","guid":{"rendered":"http:\/\/caririemacao.com\/1\/?p=40121"},"modified":"2018-02-06T21:43:08","modified_gmt":"2018-02-07T00:43:08","slug":"trf4-publica-acordao-e-comeca-prazo-para-defesa-de-lula-recorrer","status":"publish","type":"post","link":"https:\/\/www.caririemacao.com\/1\/2018\/02\/06\/trf4-publica-acordao-e-comeca-prazo-para-defesa-de-lula-recorrer\/","title":{"rendered":"TRF4 publica ac\u00f3rd\u00e3o e come\u00e7a prazo para defesa de Lula recorrer"},"content":{"rendered":"<p>O Tribunal Regional Federal da 4\u00aa Regi\u00e3o (TRF4), que condenou o ex-presidente Lula a 12 anos e um m\u00eas de pris\u00e3o, em segunda inst\u00e2ncia, publicou nesta ter\u00e7a-feira 6 o ac\u00f3rd\u00e3o &#8211; decis\u00e3o final &#8211; sobre o processo do caos do triplex do Guaruj\u00e1.<\/p>\n<p>Come\u00e7a a correr ent\u00e3o o prazo para que a defesa de Lula apresente os embargos declarat\u00f3rios, recursos aos quais tem direito no pr\u00f3prio tribunal. Se os recursos forem rejeitados, o TRF4 defendeu a execu\u00e7\u00e3o imediata da pena de Lula em regime fechado. Os advogados t\u00eam at\u00e9 o dia 20 para apresentar o recurso.<\/p>\n<p>A defesa do ex-presidente tamb\u00e9m pretende recorrer aos tribunais superiores: Superior Tribunal de Justi\u00e7a (STJ) e Supremo Tribunal Federal (STF).<\/p>\n<p><strong>CARIRI EM A\u00c7\u00c3O<\/strong><\/p>\n<p><em>Com\u00a0Brasil 247 \/Foto:\u00a0Brasil 247<\/em><\/p>\n<p><strong>Leia mais not\u00edcias em\u00a0<\/strong><a href=\"http:\/\/www.caririemacao.com\/\"><strong>caririemacao.com<\/strong><\/a><strong>, siga nossa p\u00e1gina no\u00a0<\/strong><a href=\"https:\/\/www.facebook.com\/CaririEmAcao\/?ref=aymt_homepage_panel\"><strong>Facebook<\/strong><\/a>,<strong>\u00a0<\/strong><a href=\"https:\/\/www.instagram.com\/cariri_em_acao\/?hl=pt-br\"><strong>Instagram<\/strong><\/a><strong>\u00a0e\u00a0<\/strong><a href=\"https:\/\/www.youtube.com\/channel\/UCAptA0jQuYQy8vMhLt2m4qg\"><strong>Youtube<\/strong><\/a><strong>\u00a0e veja nossas mat\u00e9rias, v\u00eddeos e fotos. Voc\u00ea tamb\u00e9m pode enviar informa\u00e7\u00f5es \u00e0 Reda\u00e7\u00e3o do Portal Cariri em A\u00e7\u00e3o pelo WhatsApp (83) 9 9634.5791, (83) 9 9601-1162.<\/strong><\/p>\n","protected":false},"excerpt":{"rendered":"<p>O Tribunal Regional Federal da 4\u00aa Regi\u00e3o (TRF4), que condenou o ex-presidente Lula a 12 anos e um m\u00eas de pris\u00e3o, em segunda inst\u00e2ncia, publicou&hellip; <\/p>\n","protected":false},"author":2,"featured_media":40122,"comment_status":"closed","ping_status":"closed","sticky":false,"template":"","format":"standard","meta":{"sfsi_plus_gutenberg_text_before_share":"","sfsi_plus_gutenberg_show_text_before_share":"","sfsi_plus_gutenberg_icon_type":"","sfsi_plus_gutenberg_icon_alignemt":"","sfsi_plus_gutenburg_max_per_row":"","footnotes":""},"categories":[11],"tags":[],"class_list":["post-40121","post","type-post","status-publish","format-standard","has-post-thumbnail","hentry","category-politica"],"_links":{"self":[{"href":"https:\/\/www.caririemacao.com\/1\/wp-json\/wp\/v2\/posts\/40121","targetHints":{"allow":["GET"]}}],"collection":[{"href":"https:\/\/www.caririemacao.com\/1\/wp-json\/wp\/v2\/posts"}],"about":[{"href":"https:\/\/www.caririemacao.com\/1\/wp-json\/wp\/v2\/types\/post"}],"author":[{"embeddable":true,"href":"https:\/\/www.caririemacao.com\/1\/wp-json\/wp\/v2\/users\/2"}],"replies":[{"embeddable":true,"href":"https:\/\/www.caririemacao.com\/1\/wp-json\/wp\/v2\/comments?post=40121"}],"version-history":[{"count":0,"href":"https:\/\/www.caririemacao.com\/1\/wp-json\/wp\/v2\/posts\/40121\/revisions"}],"wp:featuredmedia":[{"embeddable":true,"href":"https:\/\/www.caririemacao.com\/1\/wp-json\/wp\/v2\/media\/40122"}],"wp:attachment":[{"href":"https:\/\/www.caririemacao.com\/1\/wp-json\/wp\/v2\/media?parent=40121"}],"wp:term":[{"taxonomy":"category","embeddable":true,"href":"https:\/\/www.caririemacao.com\/1\/wp-json\/wp\/v2\/categories?post=40121"},{"taxonomy":"post_tag","embeddable":true,"href":"https:\/\/www.caririemacao.com\/1\/wp-json\/wp\/v2\/tags?post=40121"}],"curies":[{"name":"wp","href":"https:\/\/api.w.org\/{rel}","templated":true}]}}