{"id":40127,"date":"2018-02-06T21:57:21","date_gmt":"2018-02-07T00:57:21","guid":{"rendered":"http:\/\/caririemacao.com\/1\/?p=40127"},"modified":"2018-02-06T21:57:21","modified_gmt":"2018-02-07T00:57:21","slug":"prefeito-de-sume-e-secretario-vistoriam-obra-da-escola-rural-de-poco-da-pedra","status":"publish","type":"post","link":"https:\/\/www.caririemacao.com\/1\/2018\/02\/06\/prefeito-de-sume-e-secretario-vistoriam-obra-da-escola-rural-de-poco-da-pedra\/","title":{"rendered":"Prefeito de Sum\u00e9 e secret\u00e1rio vistoriam obra da escola rural de Po\u00e7o da Pedra"},"content":{"rendered":"<p>O prefeito de Sum\u00e9 \u00c9den Duarte e o secret\u00e1rio da Educa\u00e7\u00e3o, Odilon Ara\u00fajo, estiveram nesta ter\u00e7a-feira (06\/02) conferindo a conclus\u00e3o da obra de reforma e amplia\u00e7\u00e3o da Escola Manoel In\u00e1cio, na comunidade rural de Po\u00e7o da Pedra.<\/p>\n<p>A escola de Po\u00e7o da Pedra passou por reforma e amplia\u00e7\u00e3o nos \u00faltimos dias para ser melhor adaptada e receber com comodidade os alunos de Carna\u00faba e Pitombeira para o ano letivo de 2018, estas que foram nucleadas com Po\u00e7o da Pedra, de acordo com deferimento do Conselho Municipal de Educa\u00e7\u00e3o de Sum\u00e9.<\/p>\n<p>As aulas da Manoel In\u00e1cio tem in\u00edcio nesta quarta-feira (07\/02) e algumas atividades foram preparadas para receber os estudantes, numa parceria com a Secretaria de Sa\u00fade.<\/p>\n<p>O Programa Sa\u00fade na Escola estar\u00e1 presente para executar as primeiras a\u00e7\u00f5es do ano letivo na unidade de ensino, com atendimentos do dentista, m\u00e9dico, nutricionista e outros profissionais.<\/p>\n<p>A Escola Manoel In\u00e1cio ir\u00e1 atender durante o ano letivo cerca de 70 alunos oriundos da pr\u00f3pria comunidade e os demais vindos da nuclea\u00e7\u00e3o com Carna\u00faba e Pitombeira.<\/p>\n<p>Ela ir\u00e1 funcionar em tempo semi-integral, das 07h \u00e0s 13h, com a oferta de atividades extra-classe como m\u00fasica, dan\u00e7a, teatro, aulas de refor\u00e7o e laborat\u00f3rio de inform\u00e1tica, tamb\u00e9m sendo garantido a todos eles transporte para locomo\u00e7\u00e3o casa-escola \/ escola-casa, com o acompanhamento de um cuidador no ve\u00edculo para os estudantes.<\/p>\n<p>De acordo com o secret\u00e1rio da Educa\u00e7\u00e3o Odilon Ara\u00fajo, n\u00e3o h\u00e1 raz\u00e3o para preocupa\u00e7\u00e3o com rela\u00e7\u00e3o \u00e0 transfer\u00eancia destes alunos para outra escola, ou seja, a nuclea\u00e7\u00e3o, pois tudo foi estudado e planejado, de forma que todas as crian\u00e7as tenham seus direitos assegurados e que continuem tendo um ensino de qualidade.<\/p>\n<p>\u201cA Prefeitura buscou a melhoria da aplicabilidade dos recursos p\u00fablicos diante da grave crise econ\u00f4mica pela qual passamos, n\u00e3o perdemos de vista a qualidade do ensino para estas crian\u00e7as, temos um quadro de profissionais qualificados e comprometidos com o ensino e estamos dando o suporte necess\u00e1rio para que eles possam executar bem o seu trabalho junto \u00e0 esses alunos e, principalmente, manter os objetivos da educa\u00e7\u00e3o contextualizada nas escolas do campo, visando a conviv\u00eancia com o semi\u00e1rido\u201d, disse o prefeito \u00c9den Duarte.<\/p>\n<p><a href=\"http:\/\/caririemacao.com\/1\/wp-content\/uploads\/2018\/02\/DSC_0065.jpg\"><img fetchpriority=\"high\" decoding=\"async\" class=\"aligncenter size-full wp-image-40128\" src=\"http:\/\/caririemacao.com\/1\/wp-content\/uploads\/2018\/02\/DSC_0065.jpg\" alt=\"\" width=\"1024\" height=\"681\" srcset=\"https:\/\/www.caririemacao.com\/1\/wp-content\/uploads\/2018\/02\/DSC_0065.jpg 1024w, https:\/\/www.caririemacao.com\/1\/wp-content\/uploads\/2018\/02\/DSC_0065-300x200.jpg 300w, https:\/\/www.caririemacao.com\/1\/wp-content\/uploads\/2018\/02\/DSC_0065-768x511.jpg 768w\" sizes=\"(max-width: 1024px) 100vw, 1024px\" \/><\/a> <a href=\"http:\/\/caririemacao.com\/1\/wp-content\/uploads\/2018\/02\/DSC_0074.jpg\"><img decoding=\"async\" class=\"aligncenter size-full wp-image-40130 lazyload\" data-src=\"http:\/\/caririemacao.com\/1\/wp-content\/uploads\/2018\/02\/DSC_0074.jpg\" alt=\"\" width=\"1024\" height=\"681\" data-srcset=\"https:\/\/www.caririemacao.com\/1\/wp-content\/uploads\/2018\/02\/DSC_0074.jpg 1024w, https:\/\/www.caririemacao.com\/1\/wp-content\/uploads\/2018\/02\/DSC_0074-300x200.jpg 300w, https:\/\/www.caririemacao.com\/1\/wp-content\/uploads\/2018\/02\/DSC_0074-768x511.jpg 768w\" data-sizes=\"(max-width: 1024px) 100vw, 1024px\" src=\"data:image\/svg+xml;base64,PHN2ZyB3aWR0aD0iMSIgaGVpZ2h0PSIxIiB4bWxucz0iaHR0cDovL3d3dy53My5vcmcvMjAwMC9zdmciPjwvc3ZnPg==\" style=\"--smush-placeholder-width: 1024px; --smush-placeholder-aspect-ratio: 1024\/681;\" \/><\/a><a href=\"http:\/\/caririemacao.com\/1\/wp-content\/uploads\/2018\/02\/DSC_0105.jpg\"><img decoding=\"async\" class=\"aligncenter size-full wp-image-40129 lazyload\" data-src=\"http:\/\/caririemacao.com\/1\/wp-content\/uploads\/2018\/02\/DSC_0105.jpg\" alt=\"\" width=\"1024\" height=\"681\" data-srcset=\"https:\/\/www.caririemacao.com\/1\/wp-content\/uploads\/2018\/02\/DSC_0105.jpg 1024w, https:\/\/www.caririemacao.com\/1\/wp-content\/uploads\/2018\/02\/DSC_0105-300x200.jpg 300w, https:\/\/www.caririemacao.com\/1\/wp-content\/uploads\/2018\/02\/DSC_0105-768x511.jpg 768w\" data-sizes=\"(max-width: 1024px) 100vw, 1024px\" src=\"data:image\/svg+xml;base64,PHN2ZyB3aWR0aD0iMSIgaGVpZ2h0PSIxIiB4bWxucz0iaHR0cDovL3d3dy53My5vcmcvMjAwMC9zdmciPjwvc3ZnPg==\" style=\"--smush-placeholder-width: 1024px; --smush-placeholder-aspect-ratio: 1024\/681;\" \/><\/a><\/p>\n<p><strong>CARIRI EM A\u00c7\u00c3O<\/strong><\/p>\n<p><em>Com\u00a0Ascom PMS \/Foto:\u00a0Ascom PMS<\/em><\/p>\n<p><strong>Leia mais not\u00edcias em\u00a0<\/strong><a href=\"http:\/\/www.caririemacao.com\/\"><strong>caririemacao.com<\/strong><\/a><strong>, siga nossa p\u00e1gina no\u00a0<\/strong><a href=\"https:\/\/www.facebook.com\/CaririEmAcao\/?ref=aymt_homepage_panel\"><strong>Facebook<\/strong><\/a>,<strong>\u00a0<\/strong><a href=\"https:\/\/www.instagram.com\/cariri_em_acao\/?hl=pt-br\"><strong>Instagram<\/strong><\/a><strong>\u00a0e\u00a0<\/strong><a href=\"https:\/\/www.youtube.com\/channel\/UCAptA0jQuYQy8vMhLt2m4qg\"><strong>Youtube<\/strong><\/a><strong>\u00a0e veja nossas mat\u00e9rias, v\u00eddeos e fotos. Voc\u00ea tamb\u00e9m pode enviar informa\u00e7\u00f5es \u00e0 Reda\u00e7\u00e3o do Portal Cariri em A\u00e7\u00e3o pelo WhatsApp (83) 9 9634.5791, (83) 9 9601-1162.<\/strong><\/p>\n","protected":false},"excerpt":{"rendered":"<p>O prefeito de Sum\u00e9 \u00c9den Duarte e o secret\u00e1rio da Educa\u00e7\u00e3o, Odilon Ara\u00fajo, estiveram nesta ter\u00e7a-feira (06\/02) conferindo a conclus\u00e3o da obra de reforma e&hellip; <\/p>\n","protected":false},"author":2,"featured_media":40131,"comment_status":"closed","ping_status":"closed","sticky":false,"template":"","format":"standard","meta":{"sfsi_plus_gutenberg_text_before_share":"","sfsi_plus_gutenberg_show_text_before_share":"","sfsi_plus_gutenberg_icon_type":"","sfsi_plus_gutenberg_icon_alignemt":"","sfsi_plus_gutenburg_max_per_row":"","footnotes":""},"categories":[6],"tags":[],"class_list":["post-40127","post","type-post","status-publish","format-standard","has-post-thumbnail","hentry","category-cidades"],"_links":{"self":[{"href":"https:\/\/www.caririemacao.com\/1\/wp-json\/wp\/v2\/posts\/40127","targetHints":{"allow":["GET"]}}],"collection":[{"href":"https:\/\/www.caririemacao.com\/1\/wp-json\/wp\/v2\/posts"}],"about":[{"href":"https:\/\/www.caririemacao.com\/1\/wp-json\/wp\/v2\/types\/post"}],"author":[{"embeddable":true,"href":"https:\/\/www.caririemacao.com\/1\/wp-json\/wp\/v2\/users\/2"}],"replies":[{"embeddable":true,"href":"https:\/\/www.caririemacao.com\/1\/wp-json\/wp\/v2\/comments?post=40127"}],"version-history":[{"count":0,"href":"https:\/\/www.caririemacao.com\/1\/wp-json\/wp\/v2\/posts\/40127\/revisions"}],"wp:featuredmedia":[{"embeddable":true,"href":"https:\/\/www.caririemacao.com\/1\/wp-json\/wp\/v2\/media\/40131"}],"wp:attachment":[{"href":"https:\/\/www.caririemacao.com\/1\/wp-json\/wp\/v2\/media?parent=40127"}],"wp:term":[{"taxonomy":"category","embeddable":true,"href":"https:\/\/www.caririemacao.com\/1\/wp-json\/wp\/v2\/categories?post=40127"},{"taxonomy":"post_tag","embeddable":true,"href":"https:\/\/www.caririemacao.com\/1\/wp-json\/wp\/v2\/tags?post=40127"}],"curies":[{"name":"wp","href":"https:\/\/api.w.org\/{rel}","templated":true}]}}