{"id":40133,"date":"2018-02-07T00:18:32","date_gmt":"2018-02-07T03:18:32","guid":{"rendered":"http:\/\/caririemacao.com\/1\/?p=40133"},"modified":"2018-02-07T00:18:32","modified_gmt":"2018-02-07T03:18:32","slug":"missa-de-30o-dia-pelo-falecimento-do-ex-vereador-martins-sera-neste-sabado-10-em-gurjao","status":"publish","type":"post","link":"https:\/\/www.caririemacao.com\/1\/2018\/02\/07\/missa-de-30o-dia-pelo-falecimento-do-ex-vereador-martins-sera-neste-sabado-10-em-gurjao\/","title":{"rendered":"Missa de 30\u00ba dia pelo falecimento do ex-vereador Martins ser\u00e1 neste s\u00e1bado (10) em Gurj\u00e3o"},"content":{"rendered":"<p>A fam\u00edlia do ex-vereador Martins Ananias vem publicamente comunicar que a Missa pelo trig\u00e9simo dia pelo falecimento do ente querido ser\u00e1 neste pr\u00f3ximo s\u00e1bado, dia 10\/02, \u00e0s 19h30, na Igreja de S\u00e3o Sebasti\u00e3o na Cidade de Gurj\u00e3o.<\/p>\n<p>A fam\u00edlia aproveita para convidar todos para a referida missa. A fam\u00edlia ainda enlutada agradece a todos os parentes e amigos que forem rezar e participar deste momento de f\u00e9 e amor.<\/p>\n<p>Martins Ananias foi vereador no per\u00edodo (1983 \u00e0 2000), exercendo quatro mandatos. Ele tamb\u00e9m presidiu o Poder Legislativo de junho \u00e0 dezembro de 1996.<\/p>\n<p><strong>CARIRI EM A\u00c7\u00c3O<\/strong><\/p>\n<p><strong style=\"font-style: inherit;\">Leia mais not\u00edcias em\u00a0<\/strong><a style=\"font-style: inherit; font-weight: inherit;\" href=\"http:\/\/www.caririemacao.com\/\"><strong style=\"font-style: inherit;\">caririemacao.com<\/strong><\/a><strong style=\"font-style: inherit;\">, siga nossa p\u00e1gina no\u00a0<\/strong><a style=\"font-style: inherit; font-weight: inherit;\" href=\"https:\/\/www.facebook.com\/CaririEmAcao\/?ref=aymt_homepage_panel\"><strong style=\"font-style: inherit;\">Facebook<\/strong><\/a>,<strong style=\"font-style: inherit;\">\u00a0<\/strong><a style=\"font-style: inherit; font-weight: inherit;\" href=\"https:\/\/www.instagram.com\/cariri_em_acao\/?hl=pt-br\"><strong style=\"font-style: inherit;\">Instagram<\/strong><\/a><strong style=\"font-style: inherit;\">\u00a0e\u00a0<\/strong><a style=\"font-style: inherit; font-weight: inherit;\" href=\"https:\/\/www.youtube.com\/channel\/UCAptA0jQuYQy8vMhLt2m4qg\"><strong style=\"font-style: inherit;\">Youtube<\/strong><\/a><strong style=\"font-style: inherit;\">\u00a0e veja nossas mat\u00e9rias, v\u00eddeos e fotos. Voc\u00ea tamb\u00e9m pode enviar informa\u00e7\u00f5es \u00e0 Reda\u00e7\u00e3o do Portal Cariri em A\u00e7\u00e3o pelo WhatsApp (83) 9 9634.5791, (83) 9 9601-1162.<\/strong><\/p>\n","protected":false},"excerpt":{"rendered":"<p>A fam\u00edlia do ex-vereador Martins Ananias vem publicamente comunicar que a Missa pelo trig\u00e9simo dia pelo falecimento do ente querido ser\u00e1 neste pr\u00f3ximo s\u00e1bado, dia&hellip; <\/p>\n","protected":false},"author":2,"featured_media":40134,"comment_status":"closed","ping_status":"closed","sticky":false,"template":"","format":"standard","meta":{"sfsi_plus_gutenberg_text_before_share":"","sfsi_plus_gutenberg_show_text_before_share":"","sfsi_plus_gutenberg_icon_type":"","sfsi_plus_gutenberg_icon_alignemt":"","sfsi_plus_gutenburg_max_per_row":"","footnotes":""},"categories":[2],"tags":[],"class_list":["post-40133","post","type-post","status-publish","format-standard","has-post-thumbnail","hentry","category-geral"],"_links":{"self":[{"href":"https:\/\/www.caririemacao.com\/1\/wp-json\/wp\/v2\/posts\/40133","targetHints":{"allow":["GET"]}}],"collection":[{"href":"https:\/\/www.caririemacao.com\/1\/wp-json\/wp\/v2\/posts"}],"about":[{"href":"https:\/\/www.caririemacao.com\/1\/wp-json\/wp\/v2\/types\/post"}],"author":[{"embeddable":true,"href":"https:\/\/www.caririemacao.com\/1\/wp-json\/wp\/v2\/users\/2"}],"replies":[{"embeddable":true,"href":"https:\/\/www.caririemacao.com\/1\/wp-json\/wp\/v2\/comments?post=40133"}],"version-history":[{"count":0,"href":"https:\/\/www.caririemacao.com\/1\/wp-json\/wp\/v2\/posts\/40133\/revisions"}],"wp:featuredmedia":[{"embeddable":true,"href":"https:\/\/www.caririemacao.com\/1\/wp-json\/wp\/v2\/media\/40134"}],"wp:attachment":[{"href":"https:\/\/www.caririemacao.com\/1\/wp-json\/wp\/v2\/media?parent=40133"}],"wp:term":[{"taxonomy":"category","embeddable":true,"href":"https:\/\/www.caririemacao.com\/1\/wp-json\/wp\/v2\/categories?post=40133"},{"taxonomy":"post_tag","embeddable":true,"href":"https:\/\/www.caririemacao.com\/1\/wp-json\/wp\/v2\/tags?post=40133"}],"curies":[{"name":"wp","href":"https:\/\/api.w.org\/{rel}","templated":true}]}}