{"id":40141,"date":"2018-02-07T09:06:07","date_gmt":"2018-02-07T12:06:07","guid":{"rendered":"http:\/\/caririemacao.com\/1\/?p=40141"},"modified":"2018-02-07T09:06:07","modified_gmt":"2018-02-07T12:06:07","slug":"ricardo-coutinho-estaria-implodindo-candidatura-de-damiao-feliciano","status":"publish","type":"post","link":"https:\/\/www.caririemacao.com\/1\/2018\/02\/07\/ricardo-coutinho-estaria-implodindo-candidatura-de-damiao-feliciano\/","title":{"rendered":"Ricardo Coutinho estaria implodindo candidatura de Dami\u00e3o Feliciano"},"content":{"rendered":"<p>N\u00e3o conseguindo \u00eaxito nas estrat\u00e9gias usadas para demover a vice-governadora L\u00edgia Feliciano (PDT) da disputa eleitoral deste ano, o governador Ricardo Coutinho estaria utilizando um recurso mais avassalador na tentativa de tirar L\u00edgia do seu caminho.<\/p>\n<p>O socialista estaria decidido a implodir as bases eleitorais de Dami\u00e3o Feliciano (PDT). O jogo j\u00e1 come\u00e7ou. O prefeito de Pedras de Fogo, Ded\u00e9 de Rom\u00e3o (PSB), eleitor de Feliciano, declarou apoio, nesta ter\u00e7a-feira (6), \u00e0 candidatura de Wilson Filho (PTB).<\/p>\n<p>De acordo com informa\u00e7\u00f5es\u00a0Dami\u00e3o deve perder mais apoios. O pr\u00f3ximo seria o prefeito de Caapor\u00e3, Kiko (PDT), do partido do deputado. Por\u00e9m, segundo informa\u00e7\u00f5es de pessoas ligadas ao deputados, a press\u00e3o do governador pode surtir efeito colateral.<\/p>\n<p><strong>CARIRI EM A\u00c7\u00c3O<\/strong><\/p>\n<p><em>Com Anderson Soares<\/em><em>\/Foto:\u00a0Anderson Soares<\/em><\/p>\n<p><strong>Leia mais not\u00edcias em\u00a0<\/strong><a href=\"http:\/\/www.caririemacao.com\/\"><strong>caririemacao.com<\/strong><\/a><strong>, siga nossa p\u00e1gina no\u00a0<\/strong><a href=\"https:\/\/www.facebook.com\/CaririEmAcao\/?ref=aymt_homepage_panel\"><strong>Facebook<\/strong><\/a>,<strong>\u00a0<\/strong><a href=\"https:\/\/www.instagram.com\/cariri_em_acao\/?hl=pt-br\"><strong>Instagram<\/strong><\/a><strong>\u00a0e\u00a0<\/strong><a href=\"https:\/\/www.youtube.com\/channel\/UCAptA0jQuYQy8vMhLt2m4qg\"><strong>Youtube<\/strong><\/a><strong>\u00a0e veja nossas mat\u00e9rias, v\u00eddeos e fotos. Voc\u00ea tamb\u00e9m pode enviar informa\u00e7\u00f5es \u00e0 Reda\u00e7\u00e3o do Portal Cariri em A\u00e7\u00e3o pelo WhatsApp (83) 9 9634.5791, (83) 9 9601-1162.<\/strong><\/p>\n","protected":false},"excerpt":{"rendered":"<p>N\u00e3o conseguindo \u00eaxito nas estrat\u00e9gias usadas para demover a vice-governadora L\u00edgia Feliciano (PDT) da disputa eleitoral deste ano, o governador Ricardo Coutinho estaria utilizando um&hellip; <\/p>\n","protected":false},"author":2,"featured_media":40142,"comment_status":"closed","ping_status":"closed","sticky":false,"template":"","format":"standard","meta":{"sfsi_plus_gutenberg_text_before_share":"","sfsi_plus_gutenberg_show_text_before_share":"","sfsi_plus_gutenberg_icon_type":"","sfsi_plus_gutenberg_icon_alignemt":"","sfsi_plus_gutenburg_max_per_row":"","footnotes":""},"categories":[11],"tags":[],"class_list":["post-40141","post","type-post","status-publish","format-standard","has-post-thumbnail","hentry","category-politica"],"_links":{"self":[{"href":"https:\/\/www.caririemacao.com\/1\/wp-json\/wp\/v2\/posts\/40141","targetHints":{"allow":["GET"]}}],"collection":[{"href":"https:\/\/www.caririemacao.com\/1\/wp-json\/wp\/v2\/posts"}],"about":[{"href":"https:\/\/www.caririemacao.com\/1\/wp-json\/wp\/v2\/types\/post"}],"author":[{"embeddable":true,"href":"https:\/\/www.caririemacao.com\/1\/wp-json\/wp\/v2\/users\/2"}],"replies":[{"embeddable":true,"href":"https:\/\/www.caririemacao.com\/1\/wp-json\/wp\/v2\/comments?post=40141"}],"version-history":[{"count":0,"href":"https:\/\/www.caririemacao.com\/1\/wp-json\/wp\/v2\/posts\/40141\/revisions"}],"wp:featuredmedia":[{"embeddable":true,"href":"https:\/\/www.caririemacao.com\/1\/wp-json\/wp\/v2\/media\/40142"}],"wp:attachment":[{"href":"https:\/\/www.caririemacao.com\/1\/wp-json\/wp\/v2\/media?parent=40141"}],"wp:term":[{"taxonomy":"category","embeddable":true,"href":"https:\/\/www.caririemacao.com\/1\/wp-json\/wp\/v2\/categories?post=40141"},{"taxonomy":"post_tag","embeddable":true,"href":"https:\/\/www.caririemacao.com\/1\/wp-json\/wp\/v2\/tags?post=40141"}],"curies":[{"name":"wp","href":"https:\/\/api.w.org\/{rel}","templated":true}]}}