{"id":40147,"date":"2018-02-07T09:10:48","date_gmt":"2018-02-07T12:10:48","guid":{"rendered":"http:\/\/caririemacao.com\/1\/?p=40147"},"modified":"2018-02-07T09:10:48","modified_gmt":"2018-02-07T12:10:48","slug":"policias-civil-e-militar-realizam-operacao-divisa-segura-na-regiao-do-cariri","status":"publish","type":"post","link":"https:\/\/www.caririemacao.com\/1\/2018\/02\/07\/policias-civil-e-militar-realizam-operacao-divisa-segura-na-regiao-do-cariri\/","title":{"rendered":"Pol\u00edcias Civil e Militar realizam opera\u00e7\u00e3o \u2018Divisa Segura\u2019 na regi\u00e3o do Cariri"},"content":{"rendered":"<p>Foi deflagrada na manh\u00e3 desta quarta-feira (07) a segunda etapa da Opera\u00e7\u00e3o Divisa Segura, que conta com um trabalho integrado entre as Pol\u00edcias Civil e Militar da Para\u00edba e Pernambuco.<\/p>\n<p>A a\u00e7\u00e3o cumpre mandados de pris\u00e3o e de busca e apreens\u00e3o contra membros de organiza\u00e7\u00e3o criminosa, al\u00e9m de pessoas envolvidas com tr\u00e1fico de drogas, roubo e recepta\u00e7\u00e3o, al\u00e9m da recaptura de fugitivos de cadeias.<\/p>\n<p>Segundo informou o Capit\u00e3o de PM, Cl\u00e1udio, a opera\u00e7\u00e3o acontece em toda a \u00e1rea pertecente ao 11\u00b0 Batalh\u00e3o de Pol\u00edcia Militar, e Delegacia Regional de Monteiro.<\/p>\n<p>A Opera\u00e7\u00e3o acontece nas cidades de Monteiro, Camala\u00fa, S\u00e3o Sebasti\u00e3o do Umbuzeiro, S\u00e3o Jo\u00e3o do Tigre, Prata e Ouro Velho, ambas na Para\u00edba, e Santa Cruz do Capibaribe e Pesqueira, em Pernambuco.<\/p>\n<p><strong>CARIRI EM A\u00c7\u00c3O<\/strong><\/p>\n<p><em>Com Vitrine do Cariri\u00a0<\/em><\/p>\n<p><strong>Leia mais not\u00edcias em\u00a0<\/strong><a href=\"http:\/\/www.caririemacao.com\/\"><strong>caririemacao.com<\/strong><\/a><strong>, siga nossa p\u00e1gina no\u00a0<\/strong><a href=\"https:\/\/www.facebook.com\/CaririEmAcao\/?ref=aymt_homepage_panel\"><strong>Facebook<\/strong><\/a>,<strong>\u00a0<\/strong><a href=\"https:\/\/www.instagram.com\/cariri_em_acao\/?hl=pt-br\"><strong>Instagram<\/strong><\/a><strong>\u00a0e\u00a0<\/strong><a href=\"https:\/\/www.youtube.com\/channel\/UCAptA0jQuYQy8vMhLt2m4qg\"><strong>Youtube<\/strong><\/a><strong>\u00a0e veja nossas mat\u00e9rias, v\u00eddeos e fotos. Voc\u00ea tamb\u00e9m pode enviar informa\u00e7\u00f5es \u00e0 Reda\u00e7\u00e3o do Portal Cariri em A\u00e7\u00e3o pelo WhatsApp (83) 9 9634.5791, (83) 9 9601-1162.<\/strong><\/p>\n","protected":false},"excerpt":{"rendered":"<p>Foi deflagrada na manh\u00e3 desta quarta-feira (07) a segunda etapa da Opera\u00e7\u00e3o Divisa Segura, que conta com um trabalho integrado entre as Pol\u00edcias Civil e&hellip; <\/p>\n","protected":false},"author":2,"featured_media":36838,"comment_status":"closed","ping_status":"closed","sticky":false,"template":"","format":"standard","meta":{"sfsi_plus_gutenberg_text_before_share":"","sfsi_plus_gutenberg_show_text_before_share":"","sfsi_plus_gutenberg_icon_type":"","sfsi_plus_gutenberg_icon_alignemt":"","sfsi_plus_gutenburg_max_per_row":"","footnotes":""},"categories":[12],"tags":[],"class_list":["post-40147","post","type-post","status-publish","format-standard","has-post-thumbnail","hentry","category-policia"],"_links":{"self":[{"href":"https:\/\/www.caririemacao.com\/1\/wp-json\/wp\/v2\/posts\/40147","targetHints":{"allow":["GET"]}}],"collection":[{"href":"https:\/\/www.caririemacao.com\/1\/wp-json\/wp\/v2\/posts"}],"about":[{"href":"https:\/\/www.caririemacao.com\/1\/wp-json\/wp\/v2\/types\/post"}],"author":[{"embeddable":true,"href":"https:\/\/www.caririemacao.com\/1\/wp-json\/wp\/v2\/users\/2"}],"replies":[{"embeddable":true,"href":"https:\/\/www.caririemacao.com\/1\/wp-json\/wp\/v2\/comments?post=40147"}],"version-history":[{"count":0,"href":"https:\/\/www.caririemacao.com\/1\/wp-json\/wp\/v2\/posts\/40147\/revisions"}],"wp:featuredmedia":[{"embeddable":true,"href":"https:\/\/www.caririemacao.com\/1\/wp-json\/wp\/v2\/media\/36838"}],"wp:attachment":[{"href":"https:\/\/www.caririemacao.com\/1\/wp-json\/wp\/v2\/media?parent=40147"}],"wp:term":[{"taxonomy":"category","embeddable":true,"href":"https:\/\/www.caririemacao.com\/1\/wp-json\/wp\/v2\/categories?post=40147"},{"taxonomy":"post_tag","embeddable":true,"href":"https:\/\/www.caririemacao.com\/1\/wp-json\/wp\/v2\/tags?post=40147"}],"curies":[{"name":"wp","href":"https:\/\/api.w.org\/{rel}","templated":true}]}}