{"id":40149,"date":"2018-02-07T09:15:25","date_gmt":"2018-02-07T12:15:25","guid":{"rendered":"http:\/\/caririemacao.com\/1\/?p=40149"},"modified":"2018-02-07T11:12:51","modified_gmt":"2018-02-07T14:12:51","slug":"bandidos-roubam-carro-de-ex-prefeito-de-serra-branca","status":"publish","type":"post","link":"https:\/\/www.caririemacao.com\/1\/2018\/02\/07\/bandidos-roubam-carro-de-ex-prefeito-de-serra-branca\/","title":{"rendered":"Bandidos roubam carro de ex-prefeito de Serra Branca"},"content":{"rendered":"<p>Na manh\u00e3 desta quarta-feira, dia 07, alguns homens armados invadiram a resid\u00eancia do m\u00e9dico e ex-prefeito de Serra Branca, Agostinho Nunes Filho, Dr. Augustinho.<\/p>\n<p>De acordo com as informa\u00e7\u00f5es, os bandidos roubaram seu carro, um Hyundai IX 35, cor branco, e v\u00e1rios outros objetos de valor.<\/p>\n<p><a href=\"http:\/\/caririemacao.com\/1\/wp-content\/uploads\/2018\/02\/11150243_560975307377900_2641044464143681158_n.jpg\"><img fetchpriority=\"high\" decoding=\"async\" class=\"aligncenter size-full wp-image-40150\" src=\"http:\/\/caririemacao.com\/1\/wp-content\/uploads\/2018\/02\/11150243_560975307377900_2641044464143681158_n.jpg\" alt=\"\" width=\"281\" height=\"373\" srcset=\"https:\/\/www.caririemacao.com\/1\/wp-content\/uploads\/2018\/02\/11150243_560975307377900_2641044464143681158_n.jpg 281w, https:\/\/www.caririemacao.com\/1\/wp-content\/uploads\/2018\/02\/11150243_560975307377900_2641044464143681158_n-226x300.jpg 226w\" sizes=\"(max-width: 281px) 100vw, 281px\" \/><\/a><\/p>\n<p>Dr. Augustinho, que tem 85 anos de idade, ainda foi agredido, sofrendo algumas escoria\u00e7\u00f5es, mas passa bem. H\u00e1 informa\u00e7\u00f5es que os bandidos fugiram sentido S\u00e3o Jos\u00e9 dos Cordeiros.<\/p>\n<p>As Pol\u00edcias Militar e Civil foram acionadas e est\u00e3o diligencias.<\/p>\n<p><strong>CARIRI EM A\u00c7\u00c3O<\/strong><\/p>\n<p><strong>Leia mais not\u00edcias em\u00a0<\/strong><a style=\"font-style: inherit; font-weight: inherit;\" href=\"http:\/\/www.caririemacao.com\/\"><strong style=\"font-style: inherit;\">caririemacao.com<\/strong><\/a><strong style=\"font-style: inherit;\">, siga nossa p\u00e1gina no\u00a0<\/strong><a style=\"font-style: inherit; font-weight: inherit;\" href=\"https:\/\/www.facebook.com\/CaririEmAcao\/?ref=aymt_homepage_panel\"><strong style=\"font-style: inherit;\">Facebook<\/strong><\/a>,<strong style=\"font-style: inherit;\">\u00a0<\/strong><a style=\"font-style: inherit; font-weight: inherit;\" href=\"https:\/\/www.instagram.com\/cariri_em_acao\/?hl=pt-br\"><strong style=\"font-style: inherit;\">Instagram<\/strong><\/a><strong style=\"font-style: inherit;\">\u00a0e\u00a0<\/strong><a style=\"font-style: inherit; font-weight: inherit;\" href=\"https:\/\/www.youtube.com\/channel\/UCAptA0jQuYQy8vMhLt2m4qg\"><strong style=\"font-style: inherit;\">Youtube<\/strong><\/a><strong style=\"font-style: inherit;\">\u00a0e veja nossas mat\u00e9rias, v\u00eddeos e fotos. Voc\u00ea tamb\u00e9m pode enviar informa\u00e7\u00f5es \u00e0 Reda\u00e7\u00e3o do Portal Cariri em A\u00e7\u00e3o pelo WhatsApp (83) 9 9634.5791, (83) 9 9601-1162.<\/strong><\/p>\n","protected":false},"excerpt":{"rendered":"<p>Na manh\u00e3 desta quarta-feira, dia 07, alguns homens armados invadiram a resid\u00eancia do m\u00e9dico e ex-prefeito de Serra Branca, Agostinho Nunes Filho, Dr. Augustinho. De&hellip; <\/p>\n","protected":false},"author":2,"featured_media":40167,"comment_status":"closed","ping_status":"closed","sticky":false,"template":"","format":"standard","meta":{"sfsi_plus_gutenberg_text_before_share":"","sfsi_plus_gutenberg_show_text_before_share":"","sfsi_plus_gutenberg_icon_type":"","sfsi_plus_gutenberg_icon_alignemt":"","sfsi_plus_gutenburg_max_per_row":"","footnotes":""},"categories":[12],"tags":[],"class_list":["post-40149","post","type-post","status-publish","format-standard","has-post-thumbnail","hentry","category-policia"],"_links":{"self":[{"href":"https:\/\/www.caririemacao.com\/1\/wp-json\/wp\/v2\/posts\/40149","targetHints":{"allow":["GET"]}}],"collection":[{"href":"https:\/\/www.caririemacao.com\/1\/wp-json\/wp\/v2\/posts"}],"about":[{"href":"https:\/\/www.caririemacao.com\/1\/wp-json\/wp\/v2\/types\/post"}],"author":[{"embeddable":true,"href":"https:\/\/www.caririemacao.com\/1\/wp-json\/wp\/v2\/users\/2"}],"replies":[{"embeddable":true,"href":"https:\/\/www.caririemacao.com\/1\/wp-json\/wp\/v2\/comments?post=40149"}],"version-history":[{"count":0,"href":"https:\/\/www.caririemacao.com\/1\/wp-json\/wp\/v2\/posts\/40149\/revisions"}],"wp:featuredmedia":[{"embeddable":true,"href":"https:\/\/www.caririemacao.com\/1\/wp-json\/wp\/v2\/media\/40167"}],"wp:attachment":[{"href":"https:\/\/www.caririemacao.com\/1\/wp-json\/wp\/v2\/media?parent=40149"}],"wp:term":[{"taxonomy":"category","embeddable":true,"href":"https:\/\/www.caririemacao.com\/1\/wp-json\/wp\/v2\/categories?post=40149"},{"taxonomy":"post_tag","embeddable":true,"href":"https:\/\/www.caririemacao.com\/1\/wp-json\/wp\/v2\/tags?post=40149"}],"curies":[{"name":"wp","href":"https:\/\/api.w.org\/{rel}","templated":true}]}}