{"id":40152,"date":"2018-02-07T09:18:13","date_gmt":"2018-02-07T12:18:13","guid":{"rendered":"http:\/\/caririemacao.com\/1\/?p=40152"},"modified":"2018-02-07T09:18:13","modified_gmt":"2018-02-07T12:18:13","slug":"comunidade-obra-nova-promove-terceira-edicao-do-alegrai-vos-encontro-catolico-de-carnaval","status":"publish","type":"post","link":"https:\/\/www.caririemacao.com\/1\/2018\/02\/07\/comunidade-obra-nova-promove-terceira-edicao-do-alegrai-vos-encontro-catolico-de-carnaval\/","title":{"rendered":"Comunidade Obra Nova promove terceira edi\u00e7\u00e3o do \u201cAlegrai-vos\u201d, encontro cat\u00f3lico de carnaval"},"content":{"rendered":"<p>O \u201cAlegrai-vos\u201d, encontro de carnaval promovido pela Comunidade Cat\u00f3lica Obra Nova do Cora\u00e7\u00e3o de Maria, chega neste ano a sua terceira edi\u00e7\u00e3o. Com o tema \u201cA Gl\u00f3ria do Senhor se levanta sobre ti\u201d, extra\u00eddo do livro de Isa\u00edas 60,1, o encontro promete trazer um grande p\u00fablico.<\/p>\n<p>Na edi\u00e7\u00e3o 2018, o encontro ter\u00e1 como pregadores a fundadora da Comunidade Obra Nova, Marli Maria; Lauriston Medeiros e Maur\u00edcio J\u00fanior, membros consagrados da Obra Nova. O evento acontecer\u00e1 nos dias 11, 12 e 13 de fevereiro, com in\u00edcio sempre \u00e0s 9h.<\/p>\n<p>Na programa\u00e7\u00e3o haver\u00e1 louvor, ora\u00e7\u00e3o, prega\u00e7\u00f5es, adora\u00e7\u00e3o ao Sant\u00edssimo Sacramento, shows musicais e Missas, que ser\u00e3o celebradas todos os dias do evento. As celebra\u00e7\u00f5es eucar\u00edsticas est\u00e3o previstas para iniciar \u00e0s 16h30, com presen\u00e7as confirmadas de Padre Eug\u00eanio Vital e de Dom Dulc\u00eanio Fontes de Mattos, bispo da Diocese de Campina Grande, que presidir\u00e1 a Missa na segunda-feira (12).<\/p>\n<p>\u00c1 noite a programa\u00e7\u00e3o do Alegrai-vos 2018 continua com a apresenta\u00e7\u00e3o de shows musicais da cantora Luc\u00e9lia Santos (Consagrada Obra Nova) e do Minist\u00e9rio de m\u00fasica Obra Nova, sempre iniciando por volta das 18h30.<\/p>\n<p>A entrada do encontro \u00e9 gratuita. A organiza\u00e7\u00e3o pede aos participantes um 1 Kg de alimento n\u00e3o perec\u00edvel para ajudar aos projetos da Comunidade.<\/p>\n<p>O evento ser\u00e1 realizado no Centro de Evangeliza\u00e7\u00e3o da Comunidade Cat\u00f3lica Obra Nova do Cora\u00e7\u00e3o de Maria, localizada na Rua Aristides Lobo, 163, Bairro S\u00e3o Jos\u00e9, Campina Grande (Pr\u00f3ximo \u00e0 Vila do Artes\u00e3o). Mais informa\u00e7\u00f5es podem obtidas pela p\u00e1gina no facebook e Instagram @obranovacm, ou no site www.obranova.com e telefone (83) 3065 1644.<\/p>\n<p><strong>ALEGRAI-VOS KIDS<\/strong><\/p>\n<p>As crian\u00e7as tamb\u00e9m ter\u00e3o o seu espa\u00e7o no encontro de carnaval Obra Nova: o \u201cAlegrai-vos kids\u201d, ambiente com programa\u00e7\u00f5es de prega\u00e7\u00f5es, adora\u00e7\u00e3o ao Sant\u00edssimo Sacramento e din\u00e2micas voltadas para o p\u00fablico infantil. Esse momento acontece paralelo a toda a programa\u00e7\u00e3o do evento, e est\u00e1 sendo coordenado pelo Minist\u00e9rio de Crian\u00e7as e Adolescentes da Comunidade Obra Nova.<\/p>\n<p><strong>CARIRI EM A\u00c7\u00c3O<\/strong><\/p>\n<p><em>Com Para\u00edba Debate \/Foto:\u00a0Para\u00edba Debate<\/em><\/p>\n<p><strong>Leia mais not\u00edcias em\u00a0<\/strong><a href=\"http:\/\/www.caririemacao.com\/\"><strong>caririemacao.com<\/strong><\/a><strong>, siga nossa p\u00e1gina no\u00a0<\/strong><a href=\"https:\/\/www.facebook.com\/CaririEmAcao\/?ref=aymt_homepage_panel\"><strong>Facebook<\/strong><\/a>,<strong>\u00a0<\/strong><a href=\"https:\/\/www.instagram.com\/cariri_em_acao\/?hl=pt-br\"><strong>Instagram<\/strong><\/a><strong>\u00a0e\u00a0<\/strong><a href=\"https:\/\/www.youtube.com\/channel\/UCAptA0jQuYQy8vMhLt2m4qg\"><strong>Youtube<\/strong><\/a><strong>\u00a0e veja nossas mat\u00e9rias, v\u00eddeos e fotos. Voc\u00ea tamb\u00e9m pode enviar informa\u00e7\u00f5es \u00e0 Reda\u00e7\u00e3o do Portal Cariri em A\u00e7\u00e3o pelo WhatsApp (83) 9 9634.5791, (83) 9 9601-1162.<\/strong><\/p>\n","protected":false},"excerpt":{"rendered":"<p>O \u201cAlegrai-vos\u201d, encontro de carnaval promovido pela Comunidade Cat\u00f3lica Obra Nova do Cora\u00e7\u00e3o de Maria, chega neste ano a sua terceira edi\u00e7\u00e3o. Com o tema&hellip; <\/p>\n","protected":false},"author":2,"featured_media":40154,"comment_status":"closed","ping_status":"closed","sticky":false,"template":"","format":"standard","meta":{"sfsi_plus_gutenberg_text_before_share":"","sfsi_plus_gutenberg_show_text_before_share":"","sfsi_plus_gutenberg_icon_type":"","sfsi_plus_gutenberg_icon_alignemt":"","sfsi_plus_gutenburg_max_per_row":"","footnotes":""},"categories":[2],"tags":[],"class_list":["post-40152","post","type-post","status-publish","format-standard","has-post-thumbnail","hentry","category-geral"],"_links":{"self":[{"href":"https:\/\/www.caririemacao.com\/1\/wp-json\/wp\/v2\/posts\/40152","targetHints":{"allow":["GET"]}}],"collection":[{"href":"https:\/\/www.caririemacao.com\/1\/wp-json\/wp\/v2\/posts"}],"about":[{"href":"https:\/\/www.caririemacao.com\/1\/wp-json\/wp\/v2\/types\/post"}],"author":[{"embeddable":true,"href":"https:\/\/www.caririemacao.com\/1\/wp-json\/wp\/v2\/users\/2"}],"replies":[{"embeddable":true,"href":"https:\/\/www.caririemacao.com\/1\/wp-json\/wp\/v2\/comments?post=40152"}],"version-history":[{"count":0,"href":"https:\/\/www.caririemacao.com\/1\/wp-json\/wp\/v2\/posts\/40152\/revisions"}],"wp:featuredmedia":[{"embeddable":true,"href":"https:\/\/www.caririemacao.com\/1\/wp-json\/wp\/v2\/media\/40154"}],"wp:attachment":[{"href":"https:\/\/www.caririemacao.com\/1\/wp-json\/wp\/v2\/media?parent=40152"}],"wp:term":[{"taxonomy":"category","embeddable":true,"href":"https:\/\/www.caririemacao.com\/1\/wp-json\/wp\/v2\/categories?post=40152"},{"taxonomy":"post_tag","embeddable":true,"href":"https:\/\/www.caririemacao.com\/1\/wp-json\/wp\/v2\/tags?post=40152"}],"curies":[{"name":"wp","href":"https:\/\/api.w.org\/{rel}","templated":true}]}}