{"id":40156,"date":"2018-02-07T09:22:21","date_gmt":"2018-02-07T12:22:21","guid":{"rendered":"http:\/\/caririemacao.com\/1\/?p=40156"},"modified":"2018-02-07T09:22:21","modified_gmt":"2018-02-07T12:22:21","slug":"prefeitura-de-s-j-dos-cordeiros-distribuira-sementes-e-realizara-corte-de-terras","status":"publish","type":"post","link":"https:\/\/www.caririemacao.com\/1\/2018\/02\/07\/prefeitura-de-s-j-dos-cordeiros-distribuira-sementes-e-realizara-corte-de-terras\/","title":{"rendered":"Prefeitura de S. J. dos Cordeiros distribuir\u00e1 sementes e realizar\u00e1 corte de terras"},"content":{"rendered":"<p>O ano de 2018 come\u00e7ou e a Prefeitura de S\u00e3o Jos\u00e9 dos Cordeiros, atrav\u00e9s da Secretaria de Agricultura, se voltou para os agricultores que esperam ansiosos por um bom inverno. O munic\u00edpio dar\u00e1 continuidade ao programa de Corte de Terras de seus agricultores e para tanto fez um calend\u00e1rio de inscri\u00e7\u00f5es para os interessados.<\/p>\n<p>De quarta (07) a sexta-feira (09) desta semana, os agricultores far\u00e3o um cadastro para serem beneficiados com o corte de suas terras e os trabalhos come\u00e7ar\u00e3o assim que as primeiras chuvas ca\u00edrem.<\/p>\n<p>Segundo o secret\u00e1rio de agricultura Daivyson Romeryto, no momento das inscri\u00e7\u00f5es os agricultores assistidos pelo programa Garantia Safra j\u00e1 receber\u00e3o as sementes ofertadas em parceria com o Governo do Estado. Ainda de acordo com ele, os produtores rurais devem levar seu CPF para efetuar sua inscri\u00e7\u00e3o.<\/p>\n<p>Para o auxiliar, o Governo Jefferson est\u00e1 fazendo sua parte e oferecendo ao homem do campo todas as condi\u00e7\u00f5es apropriadas para o plantio. \u201cAgora \u00e9 fortalecer a prece \u00e0 Deus por chuvas para que tenhamos uma boa colheita e um ano de bons resultados em nossa zona rural, finalizou Daivyson\u201d.<\/p>\n<p><strong>Confira o calend\u00e1rio de inscri\u00e7\u00f5es do Corte de Terras:<\/strong><\/p>\n<p><strong>07\/02<\/strong><\/p>\n<p>08:00 Pedra Lavrada Grupo escolar do Professor Edivan<\/p>\n<p>09:00 Serra da Pelada Grupo escolar<\/p>\n<p>10:30 Lagoa de Ro\u00e7a Grupo escolar<\/p>\n<p>14:00 Sim\u00e3o Lopes Grupo escolar<\/p>\n<p>15:30 Algod\u00e3o Grupo escolar<\/p>\n<p><strong>08\/02<\/strong><\/p>\n<p>09:00 Mundo Novo Grupo escolar<\/p>\n<p>10:00 Cardoso Grupo escolar<\/p>\n<p>14:00 Barra do Mineiro Casa de Bernadino Olinto<\/p>\n<p>15:00 Sal\u00e3o Casa de Rosilda agente de sa\u00fade<\/p>\n<p><strong>09\/02<\/strong><\/p>\n<p>08:30 Ro\u00e7ado de Fora Sede da associa\u00e7\u00e3o<\/p>\n<p>09:30 Impoeira Funda Grupo escolar<\/p>\n<p><strong>CARIRI EM A\u00c7\u00c3O<\/strong><\/p>\n<p><em>Com Cariri Ligado<\/em><em>\/Foto:\u00a0Cariri Ligado<\/em><\/p>\n<p><strong>Leia mais not\u00edcias em\u00a0<\/strong><a href=\"http:\/\/www.caririemacao.com\/\"><strong>caririemacao.com<\/strong><\/a><strong>, siga nossa p\u00e1gina no\u00a0<\/strong><a href=\"https:\/\/www.facebook.com\/CaririEmAcao\/?ref=aymt_homepage_panel\"><strong>Facebook<\/strong><\/a>,<strong>\u00a0<\/strong><a href=\"https:\/\/www.instagram.com\/cariri_em_acao\/?hl=pt-br\"><strong>Instagram<\/strong><\/a><strong>\u00a0e\u00a0<\/strong><a href=\"https:\/\/www.youtube.com\/channel\/UCAptA0jQuYQy8vMhLt2m4qg\"><strong>Youtube<\/strong><\/a><strong>\u00a0e veja nossas mat\u00e9rias, v\u00eddeos e fotos. Voc\u00ea tamb\u00e9m pode enviar informa\u00e7\u00f5es \u00e0 Reda\u00e7\u00e3o do Portal Cariri em A\u00e7\u00e3o pelo WhatsApp (83) 9 9634.5791, (83) 9 9601-1162.<\/strong><\/p>\n","protected":false},"excerpt":{"rendered":"<p>O ano de 2018 come\u00e7ou e a Prefeitura de S\u00e3o Jos\u00e9 dos Cordeiros, atrav\u00e9s da Secretaria de Agricultura, se voltou para os agricultores que esperam&hellip; <\/p>\n","protected":false},"author":2,"featured_media":40157,"comment_status":"closed","ping_status":"closed","sticky":false,"template":"","format":"standard","meta":{"sfsi_plus_gutenberg_text_before_share":"","sfsi_plus_gutenberg_show_text_before_share":"","sfsi_plus_gutenberg_icon_type":"","sfsi_plus_gutenberg_icon_alignemt":"","sfsi_plus_gutenburg_max_per_row":"","footnotes":""},"categories":[6],"tags":[],"class_list":["post-40156","post","type-post","status-publish","format-standard","has-post-thumbnail","hentry","category-cidades"],"_links":{"self":[{"href":"https:\/\/www.caririemacao.com\/1\/wp-json\/wp\/v2\/posts\/40156","targetHints":{"allow":["GET"]}}],"collection":[{"href":"https:\/\/www.caririemacao.com\/1\/wp-json\/wp\/v2\/posts"}],"about":[{"href":"https:\/\/www.caririemacao.com\/1\/wp-json\/wp\/v2\/types\/post"}],"author":[{"embeddable":true,"href":"https:\/\/www.caririemacao.com\/1\/wp-json\/wp\/v2\/users\/2"}],"replies":[{"embeddable":true,"href":"https:\/\/www.caririemacao.com\/1\/wp-json\/wp\/v2\/comments?post=40156"}],"version-history":[{"count":0,"href":"https:\/\/www.caririemacao.com\/1\/wp-json\/wp\/v2\/posts\/40156\/revisions"}],"wp:featuredmedia":[{"embeddable":true,"href":"https:\/\/www.caririemacao.com\/1\/wp-json\/wp\/v2\/media\/40157"}],"wp:attachment":[{"href":"https:\/\/www.caririemacao.com\/1\/wp-json\/wp\/v2\/media?parent=40156"}],"wp:term":[{"taxonomy":"category","embeddable":true,"href":"https:\/\/www.caririemacao.com\/1\/wp-json\/wp\/v2\/categories?post=40156"},{"taxonomy":"post_tag","embeddable":true,"href":"https:\/\/www.caririemacao.com\/1\/wp-json\/wp\/v2\/tags?post=40156"}],"curies":[{"name":"wp","href":"https:\/\/api.w.org\/{rel}","templated":true}]}}