{"id":40161,"date":"2018-02-07T10:51:15","date_gmt":"2018-02-07T13:51:15","guid":{"rendered":"http:\/\/caririemacao.com\/1\/?p=40161"},"modified":"2018-02-07T10:51:42","modified_gmt":"2018-02-07T13:51:42","slug":"eccos-tv-inicia-transmissoes-em-sume","status":"publish","type":"post","link":"https:\/\/www.caririemacao.com\/1\/2018\/02\/07\/eccos-tv-inicia-transmissoes-em-sume\/","title":{"rendered":"ECCOS TV inicia transmiss\u00f5es em Sum\u00e9"},"content":{"rendered":"<p>A empresa pernambucana de m\u00eddia digital indoor, Eccos TV, iniciou na tarde desta ter\u00e7a-feira, dia 06, na cidade de Sum\u00e9, Cariri Paraibano, a transmiss\u00e3o do seu conte\u00fado voltado para o munic\u00edpio.<\/p>\n<p><a href=\"http:\/\/caririemacao.com\/1\/wp-content\/uploads\/2018\/02\/WhatsApp-Image-2018-02-07-at-09.48.09.jpeg\"><img fetchpriority=\"high\" decoding=\"async\" class=\"aligncenter size-full wp-image-40163\" src=\"http:\/\/caririemacao.com\/1\/wp-content\/uploads\/2018\/02\/WhatsApp-Image-2018-02-07-at-09.48.09.jpeg\" alt=\"\" width=\"1032\" height=\"774\" srcset=\"https:\/\/www.caririemacao.com\/1\/wp-content\/uploads\/2018\/02\/WhatsApp-Image-2018-02-07-at-09.48.09.jpeg 1032w, https:\/\/www.caririemacao.com\/1\/wp-content\/uploads\/2018\/02\/WhatsApp-Image-2018-02-07-at-09.48.09-300x225.jpeg 300w, https:\/\/www.caririemacao.com\/1\/wp-content\/uploads\/2018\/02\/WhatsApp-Image-2018-02-07-at-09.48.09-768x576.jpeg 768w, https:\/\/www.caririemacao.com\/1\/wp-content\/uploads\/2018\/02\/WhatsApp-Image-2018-02-07-at-09.48.09-1024x768.jpeg 1024w\" sizes=\"(max-width: 1032px) 100vw, 1032px\" \/><\/a><\/p>\n<p>A Eccos TV \u00e9 um sistema de TVs com conte\u00fado publicit\u00e1rio onde vendem espa\u00e7o publicit\u00e1rio em v\u00e1rios monitores de led\/lcd instalados em locais estrat\u00e9gico e com grande fluxo de pessoas.<\/p>\n<p>Segundo o coordenador da Eccos TV, Christiano Marcus, as primeiras empresas a instalar o sistema na cidade de Sum\u00e9 foi a panificadora Dona Bina, o Mercadinho do Galego e a Academia Vip.<\/p>\n<p>\u201cA expectativa para a cidade de Sum\u00e9 \u00e9 enorme, j\u00e1 que os empres\u00e1rios sumeenses sempre investem em m\u00eddia porque sabem da import\u00e2ncia dela para o crescimento de suas empresas\u201d, acrescentou. \u00a0Ele lembrou ainda, que este sistema \u00e9 um canal exclusivo de publicidade para as empresas do com\u00e9rcio de Sum\u00e9.<\/p>\n<p><a href=\"http:\/\/caririemacao.com\/1\/wp-content\/uploads\/2018\/02\/WhatsApp-Image-2018-02-07-at-09.48.08-1.jpeg\"><img decoding=\"async\" class=\"aligncenter size-full wp-image-40164 lazyload\" data-src=\"http:\/\/caririemacao.com\/1\/wp-content\/uploads\/2018\/02\/WhatsApp-Image-2018-02-07-at-09.48.08-1.jpeg\" alt=\"\" width=\"1032\" height=\"774\" data-srcset=\"https:\/\/www.caririemacao.com\/1\/wp-content\/uploads\/2018\/02\/WhatsApp-Image-2018-02-07-at-09.48.08-1.jpeg 1032w, https:\/\/www.caririemacao.com\/1\/wp-content\/uploads\/2018\/02\/WhatsApp-Image-2018-02-07-at-09.48.08-1-300x225.jpeg 300w, https:\/\/www.caririemacao.com\/1\/wp-content\/uploads\/2018\/02\/WhatsApp-Image-2018-02-07-at-09.48.08-1-768x576.jpeg 768w, https:\/\/www.caririemacao.com\/1\/wp-content\/uploads\/2018\/02\/WhatsApp-Image-2018-02-07-at-09.48.08-1-1024x768.jpeg 1024w\" data-sizes=\"(max-width: 1032px) 100vw, 1032px\" src=\"data:image\/svg+xml;base64,PHN2ZyB3aWR0aD0iMSIgaGVpZ2h0PSIxIiB4bWxucz0iaHR0cDovL3d3dy53My5vcmcvMjAwMC9zdmciPjwvc3ZnPg==\" style=\"--smush-placeholder-width: 1032px; --smush-placeholder-aspect-ratio: 1032\/774;\" \/><\/a><\/p>\n<p>A programa\u00e7\u00e3o tamb\u00e9m veicula not\u00edcias em tempo real, em parceria com o site Cariri em A\u00e7\u00e3o, trazendo muitas informa\u00e7\u00f5es da cidade, da regi\u00e3o, da Para\u00edba e do Brasil. Al\u00e9m disso s\u00e3o transmitidas informa\u00e7\u00f5es sobre o clima, tempo, hor\u00f3scopo, resultados lot\u00e9ricos e dicas de sa\u00fade.<\/p>\n<p><strong>CARIRI EM A\u00c7\u00c3O<\/strong><\/p>\n<p><strong>Leia mais not\u00edcias em\u00a0<\/strong><a style=\"font-style: inherit; font-weight: inherit;\" href=\"http:\/\/www.caririemacao.com\/\"><strong style=\"font-style: inherit;\">caririemacao.com<\/strong><\/a><strong style=\"font-style: inherit;\">, siga nossa p\u00e1gina no\u00a0<\/strong><a style=\"font-style: inherit; font-weight: inherit;\" href=\"https:\/\/www.facebook.com\/CaririEmAcao\/?ref=aymt_homepage_panel\"><strong style=\"font-style: inherit;\">Facebook<\/strong><\/a>,<strong style=\"font-style: inherit;\">\u00a0<\/strong><a style=\"font-style: inherit; font-weight: inherit;\" href=\"https:\/\/www.instagram.com\/cariri_em_acao\/?hl=pt-br\"><strong style=\"font-style: inherit;\">Instagram<\/strong><\/a><strong style=\"font-style: inherit;\">\u00a0e\u00a0<\/strong><a style=\"font-style: inherit; font-weight: inherit;\" href=\"https:\/\/www.youtube.com\/channel\/UCAptA0jQuYQy8vMhLt2m4qg\"><strong style=\"font-style: inherit;\">Youtube<\/strong><\/a><strong style=\"font-style: inherit;\">\u00a0e veja nossas mat\u00e9rias, v\u00eddeos e fotos. Voc\u00ea tamb\u00e9m pode enviar informa\u00e7\u00f5es \u00e0 Reda\u00e7\u00e3o do Portal Cariri em A\u00e7\u00e3o pelo WhatsApp (83) 9 9634.5791, (83) 9 9601-1162.<\/strong><\/p>\n","protected":false},"excerpt":{"rendered":"<p>A empresa pernambucana de m\u00eddia digital indoor, Eccos TV, iniciou na tarde desta ter\u00e7a-feira, dia 06, na cidade de Sum\u00e9, Cariri Paraibano, a transmiss\u00e3o do&hellip; <\/p>\n","protected":false},"author":2,"featured_media":40165,"comment_status":"closed","ping_status":"closed","sticky":false,"template":"","format":"standard","meta":{"sfsi_plus_gutenberg_text_before_share":"","sfsi_plus_gutenberg_show_text_before_share":"","sfsi_plus_gutenberg_icon_type":"","sfsi_plus_gutenberg_icon_alignemt":"","sfsi_plus_gutenburg_max_per_row":"","footnotes":""},"categories":[2],"tags":[],"class_list":["post-40161","post","type-post","status-publish","format-standard","has-post-thumbnail","hentry","category-geral"],"_links":{"self":[{"href":"https:\/\/www.caririemacao.com\/1\/wp-json\/wp\/v2\/posts\/40161","targetHints":{"allow":["GET"]}}],"collection":[{"href":"https:\/\/www.caririemacao.com\/1\/wp-json\/wp\/v2\/posts"}],"about":[{"href":"https:\/\/www.caririemacao.com\/1\/wp-json\/wp\/v2\/types\/post"}],"author":[{"embeddable":true,"href":"https:\/\/www.caririemacao.com\/1\/wp-json\/wp\/v2\/users\/2"}],"replies":[{"embeddable":true,"href":"https:\/\/www.caririemacao.com\/1\/wp-json\/wp\/v2\/comments?post=40161"}],"version-history":[{"count":0,"href":"https:\/\/www.caririemacao.com\/1\/wp-json\/wp\/v2\/posts\/40161\/revisions"}],"wp:featuredmedia":[{"embeddable":true,"href":"https:\/\/www.caririemacao.com\/1\/wp-json\/wp\/v2\/media\/40165"}],"wp:attachment":[{"href":"https:\/\/www.caririemacao.com\/1\/wp-json\/wp\/v2\/media?parent=40161"}],"wp:term":[{"taxonomy":"category","embeddable":true,"href":"https:\/\/www.caririemacao.com\/1\/wp-json\/wp\/v2\/categories?post=40161"},{"taxonomy":"post_tag","embeddable":true,"href":"https:\/\/www.caririemacao.com\/1\/wp-json\/wp\/v2\/tags?post=40161"}],"curies":[{"name":"wp","href":"https:\/\/api.w.org\/{rel}","templated":true}]}}