{"id":40172,"date":"2018-02-07T12:08:08","date_gmt":"2018-02-07T15:08:08","guid":{"rendered":"http:\/\/caririemacao.com\/1\/?p=40172"},"modified":"2018-02-07T12:08:08","modified_gmt":"2018-02-07T15:08:08","slug":"camara-de-caraubas-realiza-primeira-sessao-de-2018","status":"publish","type":"post","link":"https:\/\/www.caririemacao.com\/1\/2018\/02\/07\/camara-de-caraubas-realiza-primeira-sessao-de-2018\/","title":{"rendered":"C\u00e2mara de Cara\u00fabas realiza primeira sess\u00e3o de 2018"},"content":{"rendered":"<p>A C\u00e2mara Municipal de Cara\u00fabas se reuniu na noite desta ter\u00e7a-feira (06) para realizar a primeira sess\u00e3o ordin\u00e1ria do ano de 2018.<\/p>\n<p><a href=\"http:\/\/caririemacao.com\/1\/wp-content\/uploads\/2018\/02\/DSC_0001.jpg\"><img fetchpriority=\"high\" decoding=\"async\" class=\"aligncenter size-full wp-image-40183\" src=\"http:\/\/caririemacao.com\/1\/wp-content\/uploads\/2018\/02\/DSC_0001.jpg\" alt=\"\" width=\"800\" height=\"533\" srcset=\"https:\/\/www.caririemacao.com\/1\/wp-content\/uploads\/2018\/02\/DSC_0001.jpg 800w, https:\/\/www.caririemacao.com\/1\/wp-content\/uploads\/2018\/02\/DSC_0001-300x200.jpg 300w, https:\/\/www.caririemacao.com\/1\/wp-content\/uploads\/2018\/02\/DSC_0001-768x512.jpg 768w\" sizes=\"(max-width: 800px) 100vw, 800px\" \/><\/a><\/p>\n<p>Os trabalhos foram conduzidos pelo vereador presidente, Renivan Neves, e contou com a presen\u00e7a de todos os vereadores e com professores que acompanharam a apresenta\u00e7\u00e3o discuss\u00e3o do projeto de lei que pede o reajuste salarial para a categoria do munic\u00edpio de Cara\u00fabas.<\/p>\n<p>Ainda durante a sess\u00e3o, os parlamentares subiram a Tribuna e levaram suas reivindica\u00e7\u00f5es a Gest\u00e3o Municipal na inten\u00e7\u00e3o de melhorar a vida da popula\u00e7\u00e3o caraubense.<\/p>\n<p>Confira o que houve durante a sess\u00e3o:<\/p>\n<p><a href=\"http:\/\/caririemacao.com\/1\/wp-content\/uploads\/2018\/02\/DSC_0021.jpg\"><img decoding=\"async\" class=\"aligncenter size-full wp-image-40182 lazyload\" data-src=\"http:\/\/caririemacao.com\/1\/wp-content\/uploads\/2018\/02\/DSC_0021.jpg\" alt=\"\" width=\"800\" height=\"533\" data-srcset=\"https:\/\/www.caririemacao.com\/1\/wp-content\/uploads\/2018\/02\/DSC_0021.jpg 800w, https:\/\/www.caririemacao.com\/1\/wp-content\/uploads\/2018\/02\/DSC_0021-300x200.jpg 300w, https:\/\/www.caririemacao.com\/1\/wp-content\/uploads\/2018\/02\/DSC_0021-768x512.jpg 768w\" data-sizes=\"(max-width: 800px) 100vw, 800px\" src=\"data:image\/svg+xml;base64,PHN2ZyB3aWR0aD0iMSIgaGVpZ2h0PSIxIiB4bWxucz0iaHR0cDovL3d3dy53My5vcmcvMjAwMC9zdmciPjwvc3ZnPg==\" style=\"--smush-placeholder-width: 800px; --smush-placeholder-aspect-ratio: 800\/533;\" \/><\/a><\/p>\n<p>O vereador <strong>In\u00e1cio Filho (MDB)<\/strong> foi o primeiro parlamentar a usar a tribuna para cobrar melhorias nas estradas vicinais do munic\u00edpio, bem como, uma aten\u00e7\u00e3o no abastecimento d\u2019\u00e1gua do munic\u00edpio, especialmente da regi\u00e3o de Barreiras.<\/p>\n<p><a href=\"http:\/\/caririemacao.com\/1\/wp-content\/uploads\/2018\/02\/DSC_0054.jpg\"><img decoding=\"async\" class=\"aligncenter size-full wp-image-40180 lazyload\" data-src=\"http:\/\/caririemacao.com\/1\/wp-content\/uploads\/2018\/02\/DSC_0054.jpg\" alt=\"\" width=\"800\" height=\"533\" data-srcset=\"https:\/\/www.caririemacao.com\/1\/wp-content\/uploads\/2018\/02\/DSC_0054.jpg 800w, https:\/\/www.caririemacao.com\/1\/wp-content\/uploads\/2018\/02\/DSC_0054-300x200.jpg 300w, https:\/\/www.caririemacao.com\/1\/wp-content\/uploads\/2018\/02\/DSC_0054-768x512.jpg 768w\" data-sizes=\"(max-width: 800px) 100vw, 800px\" src=\"data:image\/svg+xml;base64,PHN2ZyB3aWR0aD0iMSIgaGVpZ2h0PSIxIiB4bWxucz0iaHR0cDovL3d3dy53My5vcmcvMjAwMC9zdmciPjwvc3ZnPg==\" style=\"--smush-placeholder-width: 800px; --smush-placeholder-aspect-ratio: 800\/533;\" \/><\/a><\/p>\n<p>J\u00e1 o vereador<strong> Tomaz Aquino (PSB)<\/strong> destacou a necessidade de retomar as obras de recupera\u00e7\u00e3o das ruas que se encontram em p\u00e9ssimo estado. Ele lembrou que este problema j\u00e1 vem desde a administra\u00e7\u00e3o passada, em virtude de obras inacabadas de saneamento b\u00e1sico. O parlamentar ainda destacou a import\u00e2ncia de ampliar o apoio aos desportistas do munic\u00edpio de Cara\u00fabas.<\/p>\n<p><a href=\"http:\/\/caririemacao.com\/1\/wp-content\/uploads\/2018\/02\/DSC_0024.jpg\"><img decoding=\"async\" class=\"aligncenter size-full wp-image-40173 lazyload\" data-src=\"http:\/\/caririemacao.com\/1\/wp-content\/uploads\/2018\/02\/DSC_0024.jpg\" alt=\"\" width=\"800\" height=\"533\" data-srcset=\"https:\/\/www.caririemacao.com\/1\/wp-content\/uploads\/2018\/02\/DSC_0024.jpg 800w, https:\/\/www.caririemacao.com\/1\/wp-content\/uploads\/2018\/02\/DSC_0024-300x200.jpg 300w, https:\/\/www.caririemacao.com\/1\/wp-content\/uploads\/2018\/02\/DSC_0024-768x512.jpg 768w\" data-sizes=\"(max-width: 800px) 100vw, 800px\" src=\"data:image\/svg+xml;base64,PHN2ZyB3aWR0aD0iMSIgaGVpZ2h0PSIxIiB4bWxucz0iaHR0cDovL3d3dy53My5vcmcvMjAwMC9zdmciPjwvc3ZnPg==\" style=\"--smush-placeholder-width: 800px; --smush-placeholder-aspect-ratio: 800\/533;\" \/><\/a><\/p>\n<p>O vereador<strong> F\u00e1bio Pereira (MDB)<\/strong> solicitou verbalmente ao prefeito Silvano uma aten\u00e7\u00e3o maior no tocante da recupera\u00e7\u00e3o das estradas vicinais do munic\u00edpio de Cara\u00fabas e melhorias no abastecimento d\u2019\u00e1gua.<\/p>\n<p>F\u00e1bio ainda chamou \u00e0 aten\u00e7\u00e3o das autoridades competentes no sentido de refor\u00e7ar a seguran\u00e7a p\u00fablica para as festividades do carnaval no munic\u00edpio de Cara\u00fabas. O vereador ainda pediu apoio aos demais parlamentares no sentido de aprovar o t\u00edtulo cidad\u00e3o honor\u00e1rios ao m\u00e9dico Reinier Miranda Marques.<\/p>\n<p><a href=\"http:\/\/caririemacao.com\/1\/wp-content\/uploads\/2018\/02\/DSC_0029.jpg\"><img decoding=\"async\" class=\"aligncenter size-full wp-image-40174 lazyload\" data-src=\"http:\/\/caririemacao.com\/1\/wp-content\/uploads\/2018\/02\/DSC_0029.jpg\" alt=\"\" width=\"800\" height=\"533\" data-srcset=\"https:\/\/www.caririemacao.com\/1\/wp-content\/uploads\/2018\/02\/DSC_0029.jpg 800w, https:\/\/www.caririemacao.com\/1\/wp-content\/uploads\/2018\/02\/DSC_0029-300x200.jpg 300w, https:\/\/www.caririemacao.com\/1\/wp-content\/uploads\/2018\/02\/DSC_0029-768x512.jpg 768w\" data-sizes=\"(max-width: 800px) 100vw, 800px\" src=\"data:image\/svg+xml;base64,PHN2ZyB3aWR0aD0iMSIgaGVpZ2h0PSIxIiB4bWxucz0iaHR0cDovL3d3dy53My5vcmcvMjAwMC9zdmciPjwvc3ZnPg==\" style=\"--smush-placeholder-width: 800px; --smush-placeholder-aspect-ratio: 800\/533;\" \/><\/a><\/p>\n<p>Tamb\u00e9m usou a tribuna, o vereador<strong> Bazoca (PSD)<\/strong> que na oportunidade exterminou sua preocupa\u00e7\u00e3o com o Rio Para\u00edba, no tocante a sua preserva\u00e7\u00e3o e os banhistas que l\u00e1 ir\u00e3o se dirigir no durante o per\u00edodo das festas de carnaval. Ele destacou a import\u00e2ncia da gest\u00e3o municipal fazer mobiliza\u00e7\u00f5es no para conscientizar os populares para que n\u00e3o fa\u00e7am a dispers\u00e3o do lixo as margens do Rio.<\/p>\n<p><a href=\"http:\/\/caririemacao.com\/1\/wp-content\/uploads\/2018\/02\/DSC_0039.jpg\"><img decoding=\"async\" class=\"aligncenter size-full wp-image-40177 lazyload\" data-src=\"http:\/\/caririemacao.com\/1\/wp-content\/uploads\/2018\/02\/DSC_0039.jpg\" alt=\"\" width=\"800\" height=\"533\" data-srcset=\"https:\/\/www.caririemacao.com\/1\/wp-content\/uploads\/2018\/02\/DSC_0039.jpg 800w, https:\/\/www.caririemacao.com\/1\/wp-content\/uploads\/2018\/02\/DSC_0039-300x200.jpg 300w, https:\/\/www.caririemacao.com\/1\/wp-content\/uploads\/2018\/02\/DSC_0039-768x512.jpg 768w\" data-sizes=\"(max-width: 800px) 100vw, 800px\" src=\"data:image\/svg+xml;base64,PHN2ZyB3aWR0aD0iMSIgaGVpZ2h0PSIxIiB4bWxucz0iaHR0cDovL3d3dy53My5vcmcvMjAwMC9zdmciPjwvc3ZnPg==\" style=\"--smush-placeholder-width: 800px; --smush-placeholder-aspect-ratio: 800\/533;\" \/><\/a><\/p>\n<p>O l\u00edder do governo <strong>Arimateia Fernandes (PSC)<\/strong> \u201cTeinha\u201d foi \u00e0 tribuna e falou dos esfor\u00e7os que a gest\u00e3o municipal tem feito no sentido de recuperar as estradas e fazer a garantia da seguran\u00e7a h\u00eddrica no munic\u00edpio de Cara\u00fabas. Teinha reafirmou que existem v\u00e1rios problemas no munic\u00edpio e que prefeito Silvano n\u00e3o tem medido esfor\u00e7os para resolv\u00ea-los.<\/p>\n<p>Teinha ainda esclareceu algumas den\u00fancias sobre aus\u00eancia de medicamentos no munic\u00edpio. Ele justificou dizendo que os medicamentos de hiperdia sofreram algumas altera\u00e7\u00f5es e passar\u00e3o a ser distribu\u00eddo pelo programa Farm\u00e1cia Popular, no entanto, o munic\u00edpio ainda n\u00e3o disp\u00f5e de nenhuma farm\u00e1cia conveniada ao programa Farm\u00e1cia Popular, dificultando o acesso da popula\u00e7\u00e3o aos medicamentos. Ele informou que a Prefeitura est\u00e1 buscando uma solu\u00e7\u00e3o para resolver rapidamente esta situa\u00e7\u00e3o.<\/p>\n<p><a href=\"http:\/\/caririemacao.com\/1\/wp-content\/uploads\/2018\/02\/DSC_0035.jpg\"><img decoding=\"async\" class=\"aligncenter size-full wp-image-40175 lazyload\" data-src=\"http:\/\/caririemacao.com\/1\/wp-content\/uploads\/2018\/02\/DSC_0035.jpg\" alt=\"\" width=\"800\" height=\"533\" data-srcset=\"https:\/\/www.caririemacao.com\/1\/wp-content\/uploads\/2018\/02\/DSC_0035.jpg 800w, https:\/\/www.caririemacao.com\/1\/wp-content\/uploads\/2018\/02\/DSC_0035-300x200.jpg 300w, https:\/\/www.caririemacao.com\/1\/wp-content\/uploads\/2018\/02\/DSC_0035-768x512.jpg 768w\" data-sizes=\"(max-width: 800px) 100vw, 800px\" src=\"data:image\/svg+xml;base64,PHN2ZyB3aWR0aD0iMSIgaGVpZ2h0PSIxIiB4bWxucz0iaHR0cDovL3d3dy53My5vcmcvMjAwMC9zdmciPjwvc3ZnPg==\" style=\"--smush-placeholder-width: 800px; --smush-placeholder-aspect-ratio: 800\/533;\" \/><\/a><\/p>\n<p>J\u00e1 o vereador<strong> Nerivan Alvares (MDB)<\/strong> uniu-se aos demais vereadores e solicitou da gest\u00e3o municipal que seja dada uma aten\u00e7\u00e3o maior na recupera\u00e7\u00e3o das estradas e no abastecimento de \u00e1gua. Ele cobrou ainda resposta sobre alguns requerimentos de sua autoria aprovados pelo parlamento.<\/p>\n<p><a href=\"http:\/\/caririemacao.com\/1\/wp-content\/uploads\/2018\/02\/DSC_0046.jpg\"><img decoding=\"async\" class=\"aligncenter size-full wp-image-40178 lazyload\" data-src=\"http:\/\/caririemacao.com\/1\/wp-content\/uploads\/2018\/02\/DSC_0046.jpg\" alt=\"\" width=\"800\" height=\"533\" data-srcset=\"https:\/\/www.caririemacao.com\/1\/wp-content\/uploads\/2018\/02\/DSC_0046.jpg 800w, https:\/\/www.caririemacao.com\/1\/wp-content\/uploads\/2018\/02\/DSC_0046-300x200.jpg 300w, https:\/\/www.caririemacao.com\/1\/wp-content\/uploads\/2018\/02\/DSC_0046-768x512.jpg 768w\" data-sizes=\"(max-width: 800px) 100vw, 800px\" src=\"data:image\/svg+xml;base64,PHN2ZyB3aWR0aD0iMSIgaGVpZ2h0PSIxIiB4bWxucz0iaHR0cDovL3d3dy53My5vcmcvMjAwMC9zdmciPjwvc3ZnPg==\" style=\"--smush-placeholder-width: 800px; --smush-placeholder-aspect-ratio: 800\/533;\" \/><\/a><\/p>\n<p>O presidente da casa, <strong>Renivan Neves (PCdoB)<\/strong> pediu para seus colegas vereadores que observem quem s\u00e3o os reais pr\u00e9-candidatos as elei\u00e7\u00f5es deste ano. \u201cVamos apoiar que tem ajudado o munic\u00edpio de Cara\u00fabas\u201d. Observou. Ele ainda destacou a import\u00e2ncia dos agentes p\u00fablicos federais que nos \u00faltimos tempos tem envergonhado a popula\u00e7\u00e3o brasileira especialmente no estado da Para\u00edba. \u201c\u00c9 preciso votar esse ano em candidatos que tenham ajudado o desenvolvimento de Cara\u00fabas,&#8221; afirmou.<\/p>\n<p><a href=\"http:\/\/caririemacao.com\/1\/wp-content\/uploads\/2018\/02\/DSC_0050.jpg\"><img decoding=\"async\" class=\"aligncenter size-full wp-image-40179 lazyload\" data-src=\"http:\/\/caririemacao.com\/1\/wp-content\/uploads\/2018\/02\/DSC_0050.jpg\" alt=\"\" width=\"800\" height=\"533\" data-srcset=\"https:\/\/www.caririemacao.com\/1\/wp-content\/uploads\/2018\/02\/DSC_0050.jpg 800w, https:\/\/www.caririemacao.com\/1\/wp-content\/uploads\/2018\/02\/DSC_0050-300x200.jpg 300w, https:\/\/www.caririemacao.com\/1\/wp-content\/uploads\/2018\/02\/DSC_0050-768x512.jpg 768w\" data-sizes=\"(max-width: 800px) 100vw, 800px\" src=\"data:image\/svg+xml;base64,PHN2ZyB3aWR0aD0iMSIgaGVpZ2h0PSIxIiB4bWxucz0iaHR0cDovL3d3dy53My5vcmcvMjAwMC9zdmciPjwvc3ZnPg==\" style=\"--smush-placeholder-width: 800px; --smush-placeholder-aspect-ratio: 800\/533;\" \/><\/a><\/p>\n<p>O vereador <strong>Nero (PSB)<\/strong> fez uso da Tribuna e destacou a import\u00e2ncia de apoiar o esporte do munic\u00edpio. Nero tamb\u00e9m destacou que \u00e9 preciso votar em candidatos que tem ajudado Cara\u00fabas e revelou detalhes de uma conversa que ele teve com um deputado federal onde solicita ajuda para conclus\u00e3o de alguns gin\u00e1sios poliesportivos que tem no munic\u00edpio.<\/p>\n<p>O vereador ainda criticou o esporte da regi\u00e3o do Cariri que se encontra abandonado e que merece mais aten\u00e7\u00e3o dos gestores.<\/p>\n<p>Ainda na reuni\u00e3o, alguns projetos de lei, dois de autoria do Poder Executivo e um do vereador F\u00e1bio Pereira. Os PL do Executivo, um pede a autoriza\u00e7\u00e3o ao Poder Legislativo de Cara\u00fabas para abertura de cr\u00e9dito especial para fins de manuten\u00e7\u00e3o das atividades p\u00fablicas municipais e o segundo projeto trata do reajuste os vencimentos do magist\u00e9rio de Cara\u00fabas. J\u00e1 o PL de autoria de F\u00e1bio Pereira concede o T\u00edtulo de Cidad\u00e3o Honor\u00e1rio do Munic\u00edpio de Cara\u00fabas ao m\u00e9dico cubano Reinier Miranda Marques. Os projetos ser\u00e3o votados na pr\u00f3xima sess\u00e3o.<\/p>\n<p><strong>CARIRI EM A\u00c7\u00c3O<\/strong><\/p>\n<p><em>Reda\u00e7\u00e3o Cariri em A\u00e7\u00e3o\/Foto: Cariri em A\u00e7\u00e3o\u00a0<\/em><\/p>\n<p><strong>Leia mais not\u00edcias em\u00a0<\/strong><a href=\"http:\/\/www.caririemacao.com\/\"><strong>caririemacao.com<\/strong><\/a><strong>, siga nossa p\u00e1gina no\u00a0<\/strong><a href=\"https:\/\/www.facebook.com\/CaririEmAcao\/?ref=aymt_homepage_panel\"><strong>Facebook<\/strong><\/a>,<strong>\u00a0<\/strong><a href=\"https:\/\/www.instagram.com\/cariri_em_acao\/?hl=pt-br\"><strong>Instagram<\/strong><\/a><strong>\u00a0e <\/strong><a href=\"https:\/\/www.youtube.com\/channel\/UCAptA0jQuYQy8vMhLt2m4qg\"><strong>Youtube<\/strong><\/a><strong>\u00a0e veja nossas mat\u00e9rias, v\u00eddeos e fotos. Voc\u00ea tamb\u00e9m pode enviar informa\u00e7\u00f5es \u00e0 Reda\u00e7\u00e3o do Portal Cariri em A\u00e7\u00e3o pelo WhatsApp (83) 9 9634.5791, (83) 9 9601-1162.<\/strong><\/p>\n","protected":false},"excerpt":{"rendered":"<p>A C\u00e2mara Municipal de Cara\u00fabas se reuniu na noite desta ter\u00e7a-feira (06) para realizar a primeira sess\u00e3o ordin\u00e1ria do ano de 2018. Os trabalhos foram&hellip; <\/p>\n","protected":false},"author":2,"featured_media":40181,"comment_status":"closed","ping_status":"closed","sticky":false,"template":"","format":"standard","meta":{"sfsi_plus_gutenberg_text_before_share":"","sfsi_plus_gutenberg_show_text_before_share":"","sfsi_plus_gutenberg_icon_type":"","sfsi_plus_gutenberg_icon_alignemt":"","sfsi_plus_gutenburg_max_per_row":"","footnotes":""},"categories":[6],"tags":[],"class_list":["post-40172","post","type-post","status-publish","format-standard","has-post-thumbnail","hentry","category-cidades"],"_links":{"self":[{"href":"https:\/\/www.caririemacao.com\/1\/wp-json\/wp\/v2\/posts\/40172","targetHints":{"allow":["GET"]}}],"collection":[{"href":"https:\/\/www.caririemacao.com\/1\/wp-json\/wp\/v2\/posts"}],"about":[{"href":"https:\/\/www.caririemacao.com\/1\/wp-json\/wp\/v2\/types\/post"}],"author":[{"embeddable":true,"href":"https:\/\/www.caririemacao.com\/1\/wp-json\/wp\/v2\/users\/2"}],"replies":[{"embeddable":true,"href":"https:\/\/www.caririemacao.com\/1\/wp-json\/wp\/v2\/comments?post=40172"}],"version-history":[{"count":0,"href":"https:\/\/www.caririemacao.com\/1\/wp-json\/wp\/v2\/posts\/40172\/revisions"}],"wp:featuredmedia":[{"embeddable":true,"href":"https:\/\/www.caririemacao.com\/1\/wp-json\/wp\/v2\/media\/40181"}],"wp:attachment":[{"href":"https:\/\/www.caririemacao.com\/1\/wp-json\/wp\/v2\/media?parent=40172"}],"wp:term":[{"taxonomy":"category","embeddable":true,"href":"https:\/\/www.caririemacao.com\/1\/wp-json\/wp\/v2\/categories?post=40172"},{"taxonomy":"post_tag","embeddable":true,"href":"https:\/\/www.caririemacao.com\/1\/wp-json\/wp\/v2\/tags?post=40172"}],"curies":[{"name":"wp","href":"https:\/\/api.w.org\/{rel}","templated":true}]}}