{"id":40186,"date":"2018-02-07T12:13:45","date_gmt":"2018-02-07T15:13:45","guid":{"rendered":"http:\/\/caririemacao.com\/1\/?p=40186"},"modified":"2018-02-07T13:54:51","modified_gmt":"2018-02-07T16:54:51","slug":"prefeitura-de-sume-lanca-sexto-edital-de-convocacao-dos-aprovados-do-concurso-publico-de-2017","status":"publish","type":"post","link":"https:\/\/www.caririemacao.com\/1\/2018\/02\/07\/prefeitura-de-sume-lanca-sexto-edital-de-convocacao-dos-aprovados-do-concurso-publico-de-2017\/","title":{"rendered":"Prefeitura de Sum\u00e9 lan\u00e7a sexto edital de convoca\u00e7\u00e3o dos aprovados do Concurso P\u00fablico de 2017"},"content":{"rendered":"<p>O prefeito \u00c9den Duarte acaba de convocar mais aprovados no Concurso P\u00fablico da Prefeitura de Sum\u00e9 realizado em outubro de 2017.<\/p>\n<p>A convoca\u00e7\u00e3o est\u00e1 no Boletim Oficial do Munic\u00edpio do dia 06 de fevereiro de 2018. Foram chamados um m\u00e9dico de PSF, um assistente administrativo, dois professores do Ensino Fundamental I e cinco motoristas classe D.<\/p>\n<p>Os convocados tem at\u00e9 30 dias, a contar da data da publica\u00e7\u00e3o no boletim oficial, para se apresentarem na Secretaria de Administra\u00e7\u00e3o com os documentos exigidos para a posse relacionados no Edital de Convoca\u00e7\u00e3o.<\/p>\n<p>Nos dias 27 e 31 de janeiro, o prefeito tamb\u00e9m fez a convoca\u00e7\u00e3o de mais nove aprovados, sendo m\u00e9dico pediatra, m\u00e9dico de PSF, professores do ensino fundamental I e II e cozinheiros.<\/p>\n<p>Com as mais recentes convoca\u00e7\u00f5es, j\u00e1 s\u00e3o 47 candidatos chamados a assumir um cargo p\u00fablico na estrutura administrativa da Prefeitura de Sum\u00e9 que foram aprovados e classificados no Concurso P\u00fablico de 2017.<\/p>\n<p><a href=\"http:\/\/caririemacao.com\/1\/wp-content\/uploads\/2018\/02\/EDITAL-DE-CONVOCA\u00c7\u00c3O-N\u00ba-06_06.02.2018_CONCURSO-P\u00daBLICO-2017.pdf\">EDITAL DE CONVOCA\u00c7\u00c3O N\u00ba 06_06.02.2018_CONCURSO P\u00daBLICO 2017<\/a><\/p>\n<p><strong>CARIRI EM A\u00c7\u00c3O<\/strong><\/p>\n<p><em>Com Ascom \/Foto:Cariri em A\u00e7\u00e3o\u00a0<\/em><\/p>\n<p><strong>Leia mais not\u00edcias em\u00a0<\/strong><a href=\"http:\/\/www.caririemacao.com\/\"><strong>caririemacao.com<\/strong><\/a><strong>, siga nossa p\u00e1gina no\u00a0<\/strong><a href=\"https:\/\/www.facebook.com\/CaririEmAcao\/?ref=aymt_homepage_panel\"><strong>Facebook<\/strong><\/a>,<strong>\u00a0<\/strong><a href=\"https:\/\/www.instagram.com\/cariri_em_acao\/?hl=pt-br\"><strong>Instagram<\/strong><\/a><strong>\u00a0e <\/strong><a href=\"https:\/\/www.youtube.com\/channel\/UCAptA0jQuYQy8vMhLt2m4qg\"><strong>Youtube<\/strong><\/a><strong>\u00a0e veja nossas mat\u00e9rias, v\u00eddeos e fotos. Voc\u00ea tamb\u00e9m pode enviar informa\u00e7\u00f5es \u00e0 Reda\u00e7\u00e3o do Portal Cariri em A\u00e7\u00e3o pelo WhatsApp (83) 9 9634.5791, (83) 9 9601-1162.<\/strong><\/p>\n","protected":false},"excerpt":{"rendered":"<p>O prefeito \u00c9den Duarte acaba de convocar mais aprovados no Concurso P\u00fablico da Prefeitura de Sum\u00e9 realizado em outubro de 2017. A convoca\u00e7\u00e3o est\u00e1 no&hellip; <\/p>\n","protected":false},"author":2,"featured_media":21643,"comment_status":"closed","ping_status":"closed","sticky":false,"template":"","format":"standard","meta":{"sfsi_plus_gutenberg_text_before_share":"","sfsi_plus_gutenberg_show_text_before_share":"","sfsi_plus_gutenberg_icon_type":"","sfsi_plus_gutenberg_icon_alignemt":"","sfsi_plus_gutenburg_max_per_row":"","footnotes":""},"categories":[6],"tags":[],"class_list":["post-40186","post","type-post","status-publish","format-standard","has-post-thumbnail","hentry","category-cidades"],"_links":{"self":[{"href":"https:\/\/www.caririemacao.com\/1\/wp-json\/wp\/v2\/posts\/40186","targetHints":{"allow":["GET"]}}],"collection":[{"href":"https:\/\/www.caririemacao.com\/1\/wp-json\/wp\/v2\/posts"}],"about":[{"href":"https:\/\/www.caririemacao.com\/1\/wp-json\/wp\/v2\/types\/post"}],"author":[{"embeddable":true,"href":"https:\/\/www.caririemacao.com\/1\/wp-json\/wp\/v2\/users\/2"}],"replies":[{"embeddable":true,"href":"https:\/\/www.caririemacao.com\/1\/wp-json\/wp\/v2\/comments?post=40186"}],"version-history":[{"count":0,"href":"https:\/\/www.caririemacao.com\/1\/wp-json\/wp\/v2\/posts\/40186\/revisions"}],"wp:featuredmedia":[{"embeddable":true,"href":"https:\/\/www.caririemacao.com\/1\/wp-json\/wp\/v2\/media\/21643"}],"wp:attachment":[{"href":"https:\/\/www.caririemacao.com\/1\/wp-json\/wp\/v2\/media?parent=40186"}],"wp:term":[{"taxonomy":"category","embeddable":true,"href":"https:\/\/www.caririemacao.com\/1\/wp-json\/wp\/v2\/categories?post=40186"},{"taxonomy":"post_tag","embeddable":true,"href":"https:\/\/www.caririemacao.com\/1\/wp-json\/wp\/v2\/tags?post=40186"}],"curies":[{"name":"wp","href":"https:\/\/api.w.org\/{rel}","templated":true}]}}