{"id":40188,"date":"2018-02-07T12:17:13","date_gmt":"2018-02-07T15:17:13","guid":{"rendered":"http:\/\/caririemacao.com\/1\/?p=40188"},"modified":"2018-02-07T12:17:13","modified_gmt":"2018-02-07T15:17:13","slug":"lbv-promove-campanha-em-prol-da-educacao-brasileira","status":"publish","type":"post","link":"https:\/\/www.caririemacao.com\/1\/2018\/02\/07\/lbv-promove-campanha-em-prol-da-educacao-brasileira\/","title":{"rendered":"LBV promove campanha em prol da Educa\u00e7\u00e3o Brasileira"},"content":{"rendered":"<p>De acordo com o Instituto Brasileiro de Geografia e Estat\u00edstica (IBGE), o Brasil tem 11,8 milh\u00f5es de analfabetos. Esse n\u00famero corresponde a 7,2% da popula\u00e7\u00e3o que tem 15 anos ou mais de idade. Na faixa et\u00e1ria igual ou superior aos 60 anos, o \u00edndice alcan\u00e7a 20,4%. A regi\u00e3o Nordeste registra o maior percentual de analfabetismo (14,8%), n\u00famero quase quatro vezes maior do que as taxas estimadas para o Sudeste (3,8%) e para o Sul do pa\u00eds (3,6%).<\/p>\n<p>O Instituto Nacional de Estudos e Pesquisas Educacionais An\u00edsio Teixeira (Inep) e o Minist\u00e9rio da Educa\u00e7\u00e3o (MEC) tamb\u00e9m divulgaram em 2017, pela primeira vez, indicadores de fluxo escolar na Educa\u00e7\u00e3o B\u00e1sica. Os dados revelam que 12,9% e 12,7% dos alunos matriculados na 1<span style=\"text-decoration: line-through;\">\u00aa<\/span> e 2<span style=\"text-decoration: line-through;\">\u00aa<\/span> s\u00e9ries do Ensino M\u00e9dio, respectivamente, se evadiram da escola entre 2014 e 2015, de acordo com o Censo escolar. O 9<span style=\"text-decoration: line-through;\">\u00ba<\/span> ano do Ensino Fundamental teve a terceira maior taxa de evas\u00e3o (7,7%), seguido pela 3<span style=\"text-decoration: line-through;\">\u00aa<\/span> s\u00e9rie do Ensino M\u00e9dio, com 6,8%. Considerando-se todas as s\u00e9ries do Ensino M\u00e9dio, a evas\u00e3o chega a 11,2% do total de alunos. A evas\u00e3o \u00e9 maior nas escolas rurais, em todas as etapas de ensino. Os indicadores de promo\u00e7\u00e3o e de repet\u00eancia, apesar de n\u00e3o serem in\u00e9ditos, demonstram que a repet\u00eancia na 1<span style=\"text-decoration: line-through;\">\u00aa<\/span> s\u00e9rie do Ensino M\u00e9dio atinge 15,3% e que o \u00edndice igualmente \u00e9 alto no 6<span style=\"text-decoration: line-through;\">\u00ba<\/span> ano do Ensino Fundamental, com taxa de 14,4%.<\/p>\n<p>Mudar essa triste realidade requer o esfor\u00e7o de todos e a atua\u00e7\u00e3o conjunta dos governos, da sociedade civil e da iniciativa privada, al\u00e9m do imprescind\u00edvel apoio das fam\u00edlias e dos educadores. Em suporte a todas essas a\u00e7\u00f5es, a LBV realiza, anualmente, a campanha <em>Crian\u00e7a Nota 10 \u2014 Proteger a inf\u00e2ncia \u00e9 acreditar no futuro!<\/em>, que, em 2018, entregar\u00e1 mais de 22 mil <em>kits <\/em>de materiais escolar e pedag\u00f3gico, em todo o Brasil.<\/p>\n<p>Na Para\u00edba, cerca de mil alunos, oriundos da zona rural de Alagoa Grande e das cidades de Campina Grande e Jo\u00e3o Pessoa\/PB ser\u00e3o beneficiados com os kits de materiais pedag\u00f3gicos da referida campanha.<\/p>\n<p>Para angariar as doa\u00e7\u00f5es, a Institui\u00e7\u00e3o conta com a solidariedade do povo brasileiro. Os donativos para a campanha podem ser feitos pelo <em>site<\/em> <a href=\"http:\/\/www.lbv.org\/nota10\">www.lbv.org<\/a> ou pelo tel. 0800 055 50 99. Outras informa\u00e7\u00f5es, acesse o perfil da LBV no Facebook, no Instagram e no Youtube, por meio do endere\u00e7o \u201cLBVBrasil\u201d.<\/p>\n<p><strong>CARIRI EM A\u00c7\u00c3O<\/strong><\/p>\n<p><em>Com Ascom \/Foto: Reprodu\u00e7\u00e3o\u00a0<\/em><\/p>\n<p><strong>Leia mais not\u00edcias em\u00a0<\/strong><a href=\"http:\/\/www.caririemacao.com\/\"><strong>caririemacao.com<\/strong><\/a><strong>, siga nossa p\u00e1gina no\u00a0<\/strong><a href=\"https:\/\/www.facebook.com\/CaririEmAcao\/?ref=aymt_homepage_panel\"><strong>Facebook<\/strong><\/a>,<strong>\u00a0<\/strong><a href=\"https:\/\/www.instagram.com\/cariri_em_acao\/?hl=pt-br\"><strong>Instagram<\/strong><\/a><strong>\u00a0e <\/strong><a href=\"https:\/\/www.youtube.com\/channel\/UCAptA0jQuYQy8vMhLt2m4qg\"><strong>Youtube<\/strong><\/a><strong>\u00a0e veja nossas mat\u00e9rias, v\u00eddeos e fotos. Voc\u00ea tamb\u00e9m pode enviar informa\u00e7\u00f5es \u00e0 Reda\u00e7\u00e3o do Portal Cariri em A\u00e7\u00e3o pelo WhatsApp (83) 9 9634.5791, (83) 9 9601-1162.<\/strong><\/p>\n","protected":false},"excerpt":{"rendered":"<p>De acordo com o Instituto Brasileiro de Geografia e Estat\u00edstica (IBGE), o Brasil tem 11,8 milh\u00f5es de analfabetos. Esse n\u00famero corresponde a 7,2% da popula\u00e7\u00e3o&hellip; <\/p>\n","protected":false},"author":2,"featured_media":40189,"comment_status":"closed","ping_status":"closed","sticky":false,"template":"","format":"standard","meta":{"sfsi_plus_gutenberg_text_before_share":"","sfsi_plus_gutenberg_show_text_before_share":"","sfsi_plus_gutenberg_icon_type":"","sfsi_plus_gutenberg_icon_alignemt":"","sfsi_plus_gutenburg_max_per_row":"","footnotes":""},"categories":[2],"tags":[],"class_list":["post-40188","post","type-post","status-publish","format-standard","has-post-thumbnail","hentry","category-geral"],"_links":{"self":[{"href":"https:\/\/www.caririemacao.com\/1\/wp-json\/wp\/v2\/posts\/40188","targetHints":{"allow":["GET"]}}],"collection":[{"href":"https:\/\/www.caririemacao.com\/1\/wp-json\/wp\/v2\/posts"}],"about":[{"href":"https:\/\/www.caririemacao.com\/1\/wp-json\/wp\/v2\/types\/post"}],"author":[{"embeddable":true,"href":"https:\/\/www.caririemacao.com\/1\/wp-json\/wp\/v2\/users\/2"}],"replies":[{"embeddable":true,"href":"https:\/\/www.caririemacao.com\/1\/wp-json\/wp\/v2\/comments?post=40188"}],"version-history":[{"count":0,"href":"https:\/\/www.caririemacao.com\/1\/wp-json\/wp\/v2\/posts\/40188\/revisions"}],"wp:featuredmedia":[{"embeddable":true,"href":"https:\/\/www.caririemacao.com\/1\/wp-json\/wp\/v2\/media\/40189"}],"wp:attachment":[{"href":"https:\/\/www.caririemacao.com\/1\/wp-json\/wp\/v2\/media?parent=40188"}],"wp:term":[{"taxonomy":"category","embeddable":true,"href":"https:\/\/www.caririemacao.com\/1\/wp-json\/wp\/v2\/categories?post=40188"},{"taxonomy":"post_tag","embeddable":true,"href":"https:\/\/www.caririemacao.com\/1\/wp-json\/wp\/v2\/tags?post=40188"}],"curies":[{"name":"wp","href":"https:\/\/api.w.org\/{rel}","templated":true}]}}