{"id":40193,"date":"2018-02-07T12:24:42","date_gmt":"2018-02-07T15:24:42","guid":{"rendered":"http:\/\/caririemacao.com\/1\/?p=40193"},"modified":"2018-02-07T12:24:42","modified_gmt":"2018-02-07T15:24:42","slug":"micro-e-pequenas-empresas-da-pb-geram-mais-de-mil-empregos-em-2017","status":"publish","type":"post","link":"https:\/\/www.caririemacao.com\/1\/2018\/02\/07\/micro-e-pequenas-empresas-da-pb-geram-mais-de-mil-empregos-em-2017\/","title":{"rendered":"Micro e pequenas empresas da PB geram mais de mil empregos em 2017"},"content":{"rendered":"<div>Mesmo em um cen\u00e1rio econ\u00f4mico que ainda d\u00e1 os primeiros passos para sair da crise, as micro e pequenas empresas paraibanas j\u00e1 despontam com alguns n\u00fameros que renovam o otimismo do brasileiro:\u00a0 no que diz respeito ao m\u00eas de dezembro, especificamente, quando s\u00e3o comuns os saldos negativos de empregos em fun\u00e7\u00e3o da sazonalidade, a Para\u00edba foi o nono estado do pa\u00eds que registrou a menor perda de postos de trabalho no m\u00eas, com 955 menos vagas nas MPEs. Al\u00e9m disso, as micro e pequenas empresas (MPE) do estado da Para\u00edba foram respons\u00e1veis pela gera\u00e7\u00e3o de 1.077 empregos em 2017, de acordo com dados do Cadastro Geral de Empregados e Desempregados (Caged), fornecido pelo Minist\u00e9rio do Trabalho e Emprego.<\/div>\n<div><\/div>\n<div>Nas micro e pequenas empresas, o setor que teve maior queda em dezembro de 2017 no n\u00famero de empregos gerados foi o da \u00e1rea de servi\u00e7os, com um resultado negativo de 361 pontos. Em seguida, aparece o setor da constru\u00e7\u00e3o civil, com 263 postos a menos. Em terceiro lugar, o setor do com\u00e9rcio, com 119 menos vagas, seguido da ind\u00fastria de transforma\u00e7\u00e3o com 116 menos vagas e a agropecu\u00e1ria, com 102 vagas a menos.<\/div>\n<div><\/div>\n<div>Para o gerente da Unidade de Desenvolvimento Territorial e Pol\u00edticas P\u00fablicas, Luciano Holanda, al\u00e9m de demonstrar a import\u00e2ncia das MPES na gera\u00e7\u00e3o de empregos, a pesquisa reafirma a voca\u00e7\u00e3o empreendedora do brasileiro, que encontra motiva\u00e7\u00e3o suficiente para ultrapassar os desafios em momentos de recupera\u00e7\u00e3o do ambiente de neg\u00f3cio no pa\u00eds. &#8220;A atua\u00e7\u00e3o do Sebrae coordena uma s\u00e9rie de esfor\u00e7os, atrav\u00e9s de seus meios de atendimento, consultorias e capacita\u00e7\u00f5es, al\u00e9m de fomentar um ambiente de neg\u00f3cio simplificado e desburocratizado, para que os empreendedores e empres\u00e1rios possam fazer a gest\u00e3o de suas empresas com mais seguran\u00e7a&#8221;, afirma Luciano.<\/div>\n<div><\/div>\n<div>No Brasil &#8211; Os pequenos neg\u00f3cios acumularam um saldo de aproximadamente 330 mil novos empregos, nos \u00faltimos 12 meses, na contram\u00e3o das m\u00e9dias e grandes empresas, que foram respons\u00e1veis pela extin\u00e7\u00e3o l\u00edquida de 350 mil postos de trabalho neste mesmo per\u00edodo. O acumulado do ano aponta ainda que praticamente todos os setores obtiveram resultado positivo, com destaque para as MPE do setor de Servi\u00e7os, com um saldo de 206,4 mil postos de trabalho formais gerados, seguidas das do Com\u00e9rcio, com 90 mil novos empregos. Apenas os setores da Constru\u00e7\u00e3o Civil e da Extra\u00e7\u00e3o Mineral registraram saldos negativos de 6,4 mil e de 2,1 mil, respectivamente.<\/div>\n<div>\n<p><strong>CARIRI EM A\u00c7\u00c3O<\/strong><\/p>\n<p><em>Com SEBRAE PB \/Foto: Reprodu\u00e7\u00e3o Internet<\/em><\/p>\n<p><strong>Leia mais not\u00edcias em\u00a0<\/strong><a href=\"http:\/\/www.caririemacao.com\/\"><strong>caririemacao.com<\/strong><\/a><strong>, siga nossa p\u00e1gina no\u00a0<\/strong><a href=\"https:\/\/www.facebook.com\/CaririEmAcao\/?ref=aymt_homepage_panel\"><strong>Facebook<\/strong><\/a>,<strong>\u00a0<\/strong><a href=\"https:\/\/www.instagram.com\/cariri_em_acao\/?hl=pt-br\"><strong>Instagram<\/strong><\/a><strong>\u00a0e <\/strong><a href=\"https:\/\/www.youtube.com\/channel\/UCAptA0jQuYQy8vMhLt2m4qg\"><strong>Youtube<\/strong><\/a><strong>\u00a0e veja nossas mat\u00e9rias, v\u00eddeos e fotos. Voc\u00ea tamb\u00e9m pode enviar informa\u00e7\u00f5es \u00e0 Reda\u00e7\u00e3o do Portal Cariri em A\u00e7\u00e3o pelo WhatsApp (83) 9 9634.5791, (83) 9 9601-1162.<\/strong><\/p>\n<\/div>\n","protected":false},"excerpt":{"rendered":"<p>Mesmo em um cen\u00e1rio econ\u00f4mico que ainda d\u00e1 os primeiros passos para sair da crise, as micro e pequenas empresas paraibanas j\u00e1 despontam com alguns&hellip; <\/p>\n","protected":false},"author":2,"featured_media":40194,"comment_status":"closed","ping_status":"closed","sticky":false,"template":"","format":"standard","meta":{"sfsi_plus_gutenberg_text_before_share":"","sfsi_plus_gutenberg_show_text_before_share":"","sfsi_plus_gutenberg_icon_type":"","sfsi_plus_gutenberg_icon_alignemt":"","sfsi_plus_gutenburg_max_per_row":"","footnotes":""},"categories":[2],"tags":[],"class_list":["post-40193","post","type-post","status-publish","format-standard","has-post-thumbnail","hentry","category-geral"],"_links":{"self":[{"href":"https:\/\/www.caririemacao.com\/1\/wp-json\/wp\/v2\/posts\/40193","targetHints":{"allow":["GET"]}}],"collection":[{"href":"https:\/\/www.caririemacao.com\/1\/wp-json\/wp\/v2\/posts"}],"about":[{"href":"https:\/\/www.caririemacao.com\/1\/wp-json\/wp\/v2\/types\/post"}],"author":[{"embeddable":true,"href":"https:\/\/www.caririemacao.com\/1\/wp-json\/wp\/v2\/users\/2"}],"replies":[{"embeddable":true,"href":"https:\/\/www.caririemacao.com\/1\/wp-json\/wp\/v2\/comments?post=40193"}],"version-history":[{"count":0,"href":"https:\/\/www.caririemacao.com\/1\/wp-json\/wp\/v2\/posts\/40193\/revisions"}],"wp:featuredmedia":[{"embeddable":true,"href":"https:\/\/www.caririemacao.com\/1\/wp-json\/wp\/v2\/media\/40194"}],"wp:attachment":[{"href":"https:\/\/www.caririemacao.com\/1\/wp-json\/wp\/v2\/media?parent=40193"}],"wp:term":[{"taxonomy":"category","embeddable":true,"href":"https:\/\/www.caririemacao.com\/1\/wp-json\/wp\/v2\/categories?post=40193"},{"taxonomy":"post_tag","embeddable":true,"href":"https:\/\/www.caririemacao.com\/1\/wp-json\/wp\/v2\/tags?post=40193"}],"curies":[{"name":"wp","href":"https:\/\/api.w.org\/{rel}","templated":true}]}}