{"id":40196,"date":"2018-02-07T12:27:52","date_gmt":"2018-02-07T15:27:52","guid":{"rendered":"http:\/\/caririemacao.com\/1\/?p=40196"},"modified":"2018-02-07T12:27:52","modified_gmt":"2018-02-07T15:27:52","slug":"reforma-da-previdencia-nao-ira-a-votacao-se-nao-tiver-votos-para-ser-aprovada-diz-lider-do-governo","status":"publish","type":"post","link":"https:\/\/www.caririemacao.com\/1\/2018\/02\/07\/reforma-da-previdencia-nao-ira-a-votacao-se-nao-tiver-votos-para-ser-aprovada-diz-lider-do-governo\/","title":{"rendered":"Reforma da Previd\u00eancia n\u00e3o ir\u00e1 a vota\u00e7\u00e3o se n\u00e3o tiver votos para ser aprovada, diz l\u00edder do governo"},"content":{"rendered":"<p>O l\u00edder do governo na C\u00e2mara, deputado Aguinaldo Ribeiro (PP-PB), disse nesta quarta-feira (7) que o presidente da Casa, Rodrigo Maia (DEM-RJ), vai retirar a\u00a0reforma da Previd\u00eanci<strong>a<\/strong>\u00a0da pauta de vota\u00e7\u00e3o se o governo n\u00e3o conseguir reunir os votos necess\u00e1rios para a aprova\u00e7\u00e3o da mat\u00e9ria.<\/p>\n<p>Em\u00a0entrevista coletiva, Aguinaldo acrescentou que tem a mesma posi\u00e7\u00e3o de Maia, argumentando que seria uma &#8220;atentado&#8221; colocar em vota\u00e7\u00e3o um projeto sabendo que n\u00e3o ser\u00e1 aprovado.<\/p>\n<p>O deputado ressaltou que, caso a reforma n\u00e3o seja votada em fevereiro, o tema seguir\u00e1 na pauta do pa\u00eds.<\/p>\n<p>Por se tratar de uma Proposta de Emenda \u00e0 Constitui\u00e7\u00e3o (PEC), a reforma precisa dos votos de pelo menos 308 dos 513 deputados. O ministro da Secretaria de Governo, Carlos Marun, tem dito que no momento a reforma tem o apoio de cerca de 270 deputados.<\/p>\n<p>A vota\u00e7\u00e3o da mat\u00e9ria est\u00e1 prevista para a \u00faltima semana deste m\u00eas.<\/p>\n<p><strong>CARIRI EM A\u00c7\u00c3O<\/strong><\/p>\n<p><em>Com Uol\/Foto: Reprodu\u00e7\u00e3o Internet<\/em><\/p>\n<p><strong>Leia mais not\u00edcias em\u00a0<\/strong><a href=\"http:\/\/www.caririemacao.com\/\"><strong>caririemacao.com<\/strong><\/a><strong>, siga nossa p\u00e1gina no\u00a0<\/strong><a href=\"https:\/\/www.facebook.com\/CaririEmAcao\/?ref=aymt_homepage_panel\"><strong>Facebook<\/strong><\/a>,<strong>\u00a0<\/strong><a href=\"https:\/\/www.instagram.com\/cariri_em_acao\/?hl=pt-br\"><strong>Instagram<\/strong><\/a><strong>\u00a0e <\/strong><a href=\"https:\/\/www.youtube.com\/channel\/UCAptA0jQuYQy8vMhLt2m4qg\"><strong>Youtube<\/strong><\/a><strong>\u00a0e veja nossas mat\u00e9rias, v\u00eddeos e fotos. Voc\u00ea tamb\u00e9m pode enviar informa\u00e7\u00f5es \u00e0 Reda\u00e7\u00e3o do Portal Cariri em A\u00e7\u00e3o pelo WhatsApp (83) 9 9634.5791, (83) 9 9601-1162.<\/strong><\/p>\n","protected":false},"excerpt":{"rendered":"<p>O l\u00edder do governo na C\u00e2mara, deputado Aguinaldo Ribeiro (PP-PB), disse nesta quarta-feira (7) que o presidente da Casa, Rodrigo Maia (DEM-RJ), vai retirar a\u00a0reforma&hellip; <\/p>\n","protected":false},"author":2,"featured_media":33188,"comment_status":"closed","ping_status":"closed","sticky":false,"template":"","format":"standard","meta":{"sfsi_plus_gutenberg_text_before_share":"","sfsi_plus_gutenberg_show_text_before_share":"","sfsi_plus_gutenberg_icon_type":"","sfsi_plus_gutenberg_icon_alignemt":"","sfsi_plus_gutenburg_max_per_row":"","footnotes":""},"categories":[11],"tags":[],"class_list":["post-40196","post","type-post","status-publish","format-standard","has-post-thumbnail","hentry","category-politica"],"_links":{"self":[{"href":"https:\/\/www.caririemacao.com\/1\/wp-json\/wp\/v2\/posts\/40196","targetHints":{"allow":["GET"]}}],"collection":[{"href":"https:\/\/www.caririemacao.com\/1\/wp-json\/wp\/v2\/posts"}],"about":[{"href":"https:\/\/www.caririemacao.com\/1\/wp-json\/wp\/v2\/types\/post"}],"author":[{"embeddable":true,"href":"https:\/\/www.caririemacao.com\/1\/wp-json\/wp\/v2\/users\/2"}],"replies":[{"embeddable":true,"href":"https:\/\/www.caririemacao.com\/1\/wp-json\/wp\/v2\/comments?post=40196"}],"version-history":[{"count":0,"href":"https:\/\/www.caririemacao.com\/1\/wp-json\/wp\/v2\/posts\/40196\/revisions"}],"wp:featuredmedia":[{"embeddable":true,"href":"https:\/\/www.caririemacao.com\/1\/wp-json\/wp\/v2\/media\/33188"}],"wp:attachment":[{"href":"https:\/\/www.caririemacao.com\/1\/wp-json\/wp\/v2\/media?parent=40196"}],"wp:term":[{"taxonomy":"category","embeddable":true,"href":"https:\/\/www.caririemacao.com\/1\/wp-json\/wp\/v2\/categories?post=40196"},{"taxonomy":"post_tag","embeddable":true,"href":"https:\/\/www.caririemacao.com\/1\/wp-json\/wp\/v2\/tags?post=40196"}],"curies":[{"name":"wp","href":"https:\/\/api.w.org\/{rel}","templated":true}]}}