{"id":40206,"date":"2018-02-07T12:42:41","date_gmt":"2018-02-07T15:42:41","guid":{"rendered":"http:\/\/caririemacao.com\/1\/?p=40206"},"modified":"2018-02-07T12:44:11","modified_gmt":"2018-02-07T15:44:11","slug":"eccos-tv-chega-a-sume","status":"publish","type":"post","link":"https:\/\/www.caririemacao.com\/1\/2018\/02\/07\/eccos-tv-chega-a-sume\/","title":{"rendered":"ECCOS TV, chega a Sum\u00e9"},"content":{"rendered":"<p>A Eccos TV, come\u00e7a\u00a0 a instala\u00e7\u00e3o de monitores de m\u00eddia indoor na cidade de Sum\u00e9.<\/p>\n<p>Sum\u00e9 \u00e9 uma cidade Paraibana, sediada na regi\u00e3o do Cariri a 32 km de Monteiro, com uma popula\u00e7\u00e3o aproximadamente de\u00a0 20 mil habitantes.<\/p>\n<p>Em Sum\u00e9 a Eccos TV deve iniciar com 4 pontos indoor dos quais 3 j\u00e1 esta negociado, sendo eles a Panificadora dona Bina do amigo Jord\u00e3o, O supermercado do Galego e Academia Vip. Ontem instalamos duas telas uma na Academia e outra no supermercado e at\u00e9 o fim do m\u00eas todos os pontos estar\u00e3o ativos, esse m\u00eas \u00e9 a fase de testes e pra deixar tudo pronto em Mar\u00e7o iniciaremos as visitas as empresas locais, afirma o Coordenador geral da Eccos TV, Christiano Marcus.<\/p>\n<p>Sum\u00e9 \u00e9 a 8\u00b0 cidade que o projeto atua, atualmente a Eccos TV conta com mais de 35 pontos comerciais parceiros que contam com uma tela indoor entre Caruaru e Sum\u00e9-PB. Sendo a maior rede de midia indoor do interior de Pernambuco e do Cariri Paraibano<\/p>\n<p><strong>CARIRI EM A\u00c7\u00c3O<\/strong><\/p>\n<p><em>Com Eccos TV\/Foto: Reprodu\u00e7\u00e3o Internet, Divulga\u00e7\u00e3o \u00a0<\/em><\/p>\n<p><strong>Leia mais not\u00edcias em\u00a0<\/strong><a href=\"http:\/\/www.caririemacao.com\/\"><strong>caririemacao.com<\/strong><\/a><strong>, siga nossa p\u00e1gina no\u00a0<\/strong><a href=\"https:\/\/www.facebook.com\/CaririEmAcao\/?ref=aymt_homepage_panel\"><strong>Facebook<\/strong><\/a>,<strong>\u00a0<\/strong><a href=\"https:\/\/www.instagram.com\/cariri_em_acao\/?hl=pt-br\"><strong>Instagram<\/strong><\/a><strong>\u00a0e <\/strong><a href=\"https:\/\/www.youtube.com\/channel\/UCAptA0jQuYQy8vMhLt2m4qg\"><strong>Youtube<\/strong><\/a><strong>\u00a0e veja nossas mat\u00e9rias, v\u00eddeos e fotos. Voc\u00ea tamb\u00e9m pode enviar informa\u00e7\u00f5es \u00e0 Reda\u00e7\u00e3o do Portal Cariri em A\u00e7\u00e3o pelo WhatsApp (83) 9 9634.5791, (83) 9 9601-1162.<\/strong><\/p>\n","protected":false},"excerpt":{"rendered":"<p>A Eccos TV, come\u00e7a\u00a0 a instala\u00e7\u00e3o de monitores de m\u00eddia indoor na cidade de Sum\u00e9. Sum\u00e9 \u00e9 uma cidade Paraibana, sediada na regi\u00e3o do Cariri&hellip; <\/p>\n","protected":false},"author":2,"featured_media":40209,"comment_status":"closed","ping_status":"closed","sticky":false,"template":"","format":"standard","meta":{"sfsi_plus_gutenberg_text_before_share":"","sfsi_plus_gutenberg_show_text_before_share":"","sfsi_plus_gutenberg_icon_type":"","sfsi_plus_gutenberg_icon_alignemt":"","sfsi_plus_gutenburg_max_per_row":"","footnotes":""},"categories":[6],"tags":[],"class_list":["post-40206","post","type-post","status-publish","format-standard","has-post-thumbnail","hentry","category-cidades"],"_links":{"self":[{"href":"https:\/\/www.caririemacao.com\/1\/wp-json\/wp\/v2\/posts\/40206","targetHints":{"allow":["GET"]}}],"collection":[{"href":"https:\/\/www.caririemacao.com\/1\/wp-json\/wp\/v2\/posts"}],"about":[{"href":"https:\/\/www.caririemacao.com\/1\/wp-json\/wp\/v2\/types\/post"}],"author":[{"embeddable":true,"href":"https:\/\/www.caririemacao.com\/1\/wp-json\/wp\/v2\/users\/2"}],"replies":[{"embeddable":true,"href":"https:\/\/www.caririemacao.com\/1\/wp-json\/wp\/v2\/comments?post=40206"}],"version-history":[{"count":0,"href":"https:\/\/www.caririemacao.com\/1\/wp-json\/wp\/v2\/posts\/40206\/revisions"}],"wp:featuredmedia":[{"embeddable":true,"href":"https:\/\/www.caririemacao.com\/1\/wp-json\/wp\/v2\/media\/40209"}],"wp:attachment":[{"href":"https:\/\/www.caririemacao.com\/1\/wp-json\/wp\/v2\/media?parent=40206"}],"wp:term":[{"taxonomy":"category","embeddable":true,"href":"https:\/\/www.caririemacao.com\/1\/wp-json\/wp\/v2\/categories?post=40206"},{"taxonomy":"post_tag","embeddable":true,"href":"https:\/\/www.caririemacao.com\/1\/wp-json\/wp\/v2\/tags?post=40206"}],"curies":[{"name":"wp","href":"https:\/\/api.w.org\/{rel}","templated":true}]}}