{"id":40239,"date":"2018-02-08T06:59:54","date_gmt":"2018-02-08T09:59:54","guid":{"rendered":"http:\/\/caririemacao.com\/1\/?p=40239"},"modified":"2018-02-08T06:59:54","modified_gmt":"2018-02-08T09:59:54","slug":"quase-27-mil-trabalhadores-cotistas-do-pis-sacaram-r-31-milhoes-na-paraiba","status":"publish","type":"post","link":"https:\/\/www.caririemacao.com\/1\/2018\/02\/08\/quase-27-mil-trabalhadores-cotistas-do-pis-sacaram-r-31-milhoes-na-paraiba\/","title":{"rendered":"Quase 27 mil trabalhadores cotistas do PIS sacaram R$ 31 milh\u00f5es na Para\u00edba"},"content":{"rendered":"<p>A Caixa Econ\u00f4mica Federal pagou mais de R$ 31,4 milh\u00f5es a 26.925 trabalhadores cotistas do PIS na Para\u00edba. O balan\u00e7o \u00e9 referente aos saques realizados at\u00e9 o dia 05 de fevereiro. O valor equivale a 23,5% do total inicialmente previsto para o estado da Para\u00edba (R$ 133,7 milh\u00f5es) e a aproximadamente 29,6% dos trabalhadores beneficiados.<\/p>\n<p>No pa\u00eds, j\u00e1 foram pagos mais de R$ 2,9 bilh\u00f5es para mais de 2,2 milh\u00f5es de cotistas do PIS.<\/p>\n<p>Na \u00faltima segunda-feira (05), fez quinze dias do cr\u00e9dito em conta. O pagamento foi iniciado entre as mulheres com idade entre 60 e 62 anos e homens com idade entre 60 e 65 anos.<\/p>\n<p>A Medida Provis\u00f3ria 813\/2017 reduziu a idade m\u00ednima de saque das cotas do PIS para 60 anos, para homens e mulheres que tenham sido cadastrados no Fundo PIS\/PASEP entre 1971 e 4 de outubro de 1988.<\/p>\n<p><a href=\"http:\/\/caririemacao.com\/1\/wp-content\/uploads\/2018\/02\/tabela-1.jpg\"><img fetchpriority=\"high\" decoding=\"async\" class=\"aligncenter size-full wp-image-40240\" src=\"http:\/\/caririemacao.com\/1\/wp-content\/uploads\/2018\/02\/tabela-1.jpg\" alt=\"\" width=\"1160\" height=\"375\" srcset=\"https:\/\/www.caririemacao.com\/1\/wp-content\/uploads\/2018\/02\/tabela-1.jpg 1160w, https:\/\/www.caririemacao.com\/1\/wp-content\/uploads\/2018\/02\/tabela-1-300x97.jpg 300w, https:\/\/www.caririemacao.com\/1\/wp-content\/uploads\/2018\/02\/tabela-1-768x248.jpg 768w, https:\/\/www.caririemacao.com\/1\/wp-content\/uploads\/2018\/02\/tabela-1-1024x331.jpg 1024w\" sizes=\"(max-width: 1160px) 100vw, 1160px\" \/><\/a><\/p>\n<p><strong>CARIRI EM A\u00c7\u00c3O<\/strong><\/p>\n<p><em>\u00a0Com Clik PB\u00a0<\/em><em>\/\u00a0 Foto:\u00a0Clik PB<\/em><\/p>\n<p><strong>Leia mais not\u00edcias em\u00a0<\/strong><a href=\"http:\/\/www.caririemacao.com\/\"><strong>caririemacao.com<\/strong><\/a><strong>, siga nossa p\u00e1gina no\u00a0<\/strong><a href=\"https:\/\/www.facebook.com\/CaririEmAcao\/?ref=aymt_homepage_panel\"><strong>Facebook<\/strong><\/a>,<strong>\u00a0<\/strong><a href=\"https:\/\/www.instagram.com\/cariri_em_acao\/?hl=pt-br\"><strong>Instagram<\/strong><\/a><strong>\u00a0e\u00a0<\/strong><a href=\"https:\/\/www.youtube.com\/channel\/UCAptA0jQuYQy8vMhLt2m4qg\"><strong>Youtube<\/strong><\/a><strong>\u00a0e veja nossas mat\u00e9rias, v\u00eddeos e fotos. Voc\u00ea tamb\u00e9m pode enviar informa\u00e7\u00f5es \u00e0 Reda\u00e7\u00e3o do Portal Cariri em A\u00e7\u00e3o pelo WhatsApp (83) 9 9634.5791, (83) 9 9601-1162.<\/strong><\/p>\n","protected":false},"excerpt":{"rendered":"<p>A Caixa Econ\u00f4mica Federal pagou mais de R$ 31,4 milh\u00f5es a 26.925 trabalhadores cotistas do PIS na Para\u00edba. O balan\u00e7o \u00e9 referente aos saques realizados&hellip; <\/p>\n","protected":false},"author":2,"featured_media":40241,"comment_status":"closed","ping_status":"closed","sticky":false,"template":"","format":"standard","meta":{"sfsi_plus_gutenberg_text_before_share":"","sfsi_plus_gutenberg_show_text_before_share":"","sfsi_plus_gutenberg_icon_type":"","sfsi_plus_gutenberg_icon_alignemt":"","sfsi_plus_gutenburg_max_per_row":"","footnotes":""},"categories":[2],"tags":[],"class_list":["post-40239","post","type-post","status-publish","format-standard","has-post-thumbnail","hentry","category-geral"],"_links":{"self":[{"href":"https:\/\/www.caririemacao.com\/1\/wp-json\/wp\/v2\/posts\/40239","targetHints":{"allow":["GET"]}}],"collection":[{"href":"https:\/\/www.caririemacao.com\/1\/wp-json\/wp\/v2\/posts"}],"about":[{"href":"https:\/\/www.caririemacao.com\/1\/wp-json\/wp\/v2\/types\/post"}],"author":[{"embeddable":true,"href":"https:\/\/www.caririemacao.com\/1\/wp-json\/wp\/v2\/users\/2"}],"replies":[{"embeddable":true,"href":"https:\/\/www.caririemacao.com\/1\/wp-json\/wp\/v2\/comments?post=40239"}],"version-history":[{"count":0,"href":"https:\/\/www.caririemacao.com\/1\/wp-json\/wp\/v2\/posts\/40239\/revisions"}],"wp:featuredmedia":[{"embeddable":true,"href":"https:\/\/www.caririemacao.com\/1\/wp-json\/wp\/v2\/media\/40241"}],"wp:attachment":[{"href":"https:\/\/www.caririemacao.com\/1\/wp-json\/wp\/v2\/media?parent=40239"}],"wp:term":[{"taxonomy":"category","embeddable":true,"href":"https:\/\/www.caririemacao.com\/1\/wp-json\/wp\/v2\/categories?post=40239"},{"taxonomy":"post_tag","embeddable":true,"href":"https:\/\/www.caririemacao.com\/1\/wp-json\/wp\/v2\/tags?post=40239"}],"curies":[{"name":"wp","href":"https:\/\/api.w.org\/{rel}","templated":true}]}}