{"id":40246,"date":"2018-02-08T07:08:43","date_gmt":"2018-02-08T10:08:43","guid":{"rendered":"http:\/\/caririemacao.com\/1\/?p=40246"},"modified":"2018-02-08T07:08:43","modified_gmt":"2018-02-08T10:08:43","slug":"sertao-da-paraiba-registra-175-mm-de-chuvas-em-seis-cidades-nesta-quarta-feira","status":"publish","type":"post","link":"https:\/\/www.caririemacao.com\/1\/2018\/02\/08\/sertao-da-paraiba-registra-175-mm-de-chuvas-em-seis-cidades-nesta-quarta-feira\/","title":{"rendered":"Sert\u00e3o da Para\u00edba registra 175 mm de chuvas em seis cidades nesta quarta-feira"},"content":{"rendered":"<div class=\"mc-column content-text active-extra-styles active-capital-letter\" data-block-type=\"unstyled\" data-block-weight=\"47\" data-block-id=\"1\">\n<p class=\"content-text__container theme-color-primary-first-letter\" data-track-category=\"Link no Texto\" data-track-links=\"\">Seis munic\u00edpios do Sert\u00e3o da Para\u00edba tiveram registro de chuvas nesta quarta-feira (7). De acordo com a Ag\u00eancia Executiva de Gest\u00e3o das \u00c1guas (Aesa), choveu cerca de 175,6 mm nas cidades do Sert\u00e3o paraibano. A maior precipita\u00e7\u00e3o aconteceu no munic\u00edpio de Concei\u00e7\u00e3o, registrando 72,3 mm de chuva.<\/p>\n<\/div>\n<div class=\"mc-column content-text active-extra-styles \" data-block-type=\"unstyled\" data-block-weight=\"54\" data-block-id=\"2\">\n<p class=\"content-text__container \" data-track-category=\"Link no Texto\" data-track-links=\"\">Cajazeiras, regi\u00e3o que apresenta altas temperaturas, tamb\u00e9m registrou chuvas nesta quarta-feira (7). O munic\u00edpio recebeu 65,1 mm de chuvas. Sousa e Pombal tamb\u00e9m registraram precipita\u00e7\u00f5es. A cidade de Sousa que, segundo a Aesa, chove desde a ter\u00e7a-feira (6), registrou 15,5 mm nesta quarta, no ponto S\u00e3o Gon\u00e7alo, enquanto Pombal apresentou precipita\u00e7\u00f5es de 12,5 mm.<\/p>\n<\/div>\n<div class=\"mc-column content-text active-extra-styles \" data-block-type=\"unstyled\" data-block-weight=\"20\" data-block-id=\"3\">\n<p class=\"content-text__container \" data-track-category=\"Link no Texto\" data-track-links=\"\">A chuva tamb\u00e9m chegou nos munic\u00edpios de Bom Jesus e Lagoa, com registros de 9,4 mm e 0,8 mm, respectivamente.<\/p>\n<\/div>\n<div class=\"mc-column content-text active-extra-styles\" data-block-type=\"raw\" data-block-weight=\"3\" data-block-id=\"4\">\n<div class=\"content-intertitle\">\n<h2>N\u00edvel dos a\u00e7udes<\/h2>\n<\/div>\n<\/div>\n<div data-track-category=\"fim do conteudo\" data-track-action=\"ultimo chunk conteudo\" data-track-noninteraction=\"false\" data-track-scroll=\"entrada completa viewport\">\n<div class=\"mc-column content-text active-extra-styles \" data-block-type=\"unstyled\" data-block-weight=\"65\" data-block-id=\"5\">\n<p class=\"content-text__container \" data-track-category=\"Link no Texto\" data-track-links=\"\">Embora as chuvas tenham atingidos os tr\u00eas postos de observa\u00e7\u00e3o de Cajazeiras, o a\u00e7ude Engenheiro \u00c1vidos, que recebeu uma precipita\u00e7\u00e3o de 9,5 mm, continua em situa\u00e7\u00e3o cr\u00edtica. J\u00e1 o reservat\u00f3rio Lagoa do Arroz, que est\u00e1 com 6,11% do seu volume total, est\u00e1 em uma situa\u00e7\u00e3o de observa\u00e7\u00e3o. O mesmo acontece com o a\u00e7ude S\u00e3o Gon\u00e7alo, em Sousa, que est\u00e1 com 12,15% da sua capacidade total.<\/p>\n<p><strong>CARIRI EM A\u00c7\u00c3O<\/strong><\/p>\n<p><em>\u00a0Com G1\u00a0<\/em><em>\/ Foto: Reprodu\u00e7\u00e3o google<\/em><\/p>\n<p><strong>Leia mais not\u00edcias em\u00a0<\/strong><a href=\"http:\/\/www.caririemacao.com\/\"><strong>caririemacao.com<\/strong><\/a><strong>, siga nossa p\u00e1gina no\u00a0<\/strong><a href=\"https:\/\/www.facebook.com\/CaririEmAcao\/?ref=aymt_homepage_panel\"><strong>Facebook<\/strong><\/a>,<strong>\u00a0<\/strong><a href=\"https:\/\/www.instagram.com\/cariri_em_acao\/?hl=pt-br\"><strong>Instagram<\/strong><\/a><strong>\u00a0e\u00a0<\/strong><a href=\"https:\/\/www.youtube.com\/channel\/UCAptA0jQuYQy8vMhLt2m4qg\"><strong>Youtube<\/strong><\/a><strong>\u00a0e veja nossas mat\u00e9rias, v\u00eddeos e fotos. Voc\u00ea tamb\u00e9m pode enviar informa\u00e7\u00f5es \u00e0 Reda\u00e7\u00e3o do Portal Cariri em A\u00e7\u00e3o pelo WhatsApp (83) 9 9634.5791, (83) 9 9601-1162.<\/strong><\/p>\n<\/div>\n<\/div>\n","protected":false},"excerpt":{"rendered":"<p>Seis munic\u00edpios do Sert\u00e3o da Para\u00edba tiveram registro de chuvas nesta quarta-feira (7). De acordo com a Ag\u00eancia Executiva de Gest\u00e3o das \u00c1guas (Aesa), choveu&hellip; <\/p>\n","protected":false},"author":2,"featured_media":7161,"comment_status":"closed","ping_status":"closed","sticky":false,"template":"","format":"standard","meta":{"sfsi_plus_gutenberg_text_before_share":"","sfsi_plus_gutenberg_show_text_before_share":"","sfsi_plus_gutenberg_icon_type":"","sfsi_plus_gutenberg_icon_alignemt":"","sfsi_plus_gutenburg_max_per_row":"","footnotes":""},"categories":[2],"tags":[],"class_list":["post-40246","post","type-post","status-publish","format-standard","has-post-thumbnail","hentry","category-geral"],"_links":{"self":[{"href":"https:\/\/www.caririemacao.com\/1\/wp-json\/wp\/v2\/posts\/40246","targetHints":{"allow":["GET"]}}],"collection":[{"href":"https:\/\/www.caririemacao.com\/1\/wp-json\/wp\/v2\/posts"}],"about":[{"href":"https:\/\/www.caririemacao.com\/1\/wp-json\/wp\/v2\/types\/post"}],"author":[{"embeddable":true,"href":"https:\/\/www.caririemacao.com\/1\/wp-json\/wp\/v2\/users\/2"}],"replies":[{"embeddable":true,"href":"https:\/\/www.caririemacao.com\/1\/wp-json\/wp\/v2\/comments?post=40246"}],"version-history":[{"count":0,"href":"https:\/\/www.caririemacao.com\/1\/wp-json\/wp\/v2\/posts\/40246\/revisions"}],"wp:featuredmedia":[{"embeddable":true,"href":"https:\/\/www.caririemacao.com\/1\/wp-json\/wp\/v2\/media\/7161"}],"wp:attachment":[{"href":"https:\/\/www.caririemacao.com\/1\/wp-json\/wp\/v2\/media?parent=40246"}],"wp:term":[{"taxonomy":"category","embeddable":true,"href":"https:\/\/www.caririemacao.com\/1\/wp-json\/wp\/v2\/categories?post=40246"},{"taxonomy":"post_tag","embeddable":true,"href":"https:\/\/www.caririemacao.com\/1\/wp-json\/wp\/v2\/tags?post=40246"}],"curies":[{"name":"wp","href":"https:\/\/api.w.org\/{rel}","templated":true}]}}