{"id":40273,"date":"2018-02-08T07:54:29","date_gmt":"2018-02-08T10:54:29","guid":{"rendered":"http:\/\/caririemacao.com\/1\/?p=40273"},"modified":"2018-02-08T07:54:29","modified_gmt":"2018-02-08T10:54:29","slug":"tio-de-tecnica-de-enfermagem-e-preso-suspeito-de-matar-sobrinha-com-quem-tinha-relacionamento-na-pb","status":"publish","type":"post","link":"https:\/\/www.caririemacao.com\/1\/2018\/02\/08\/tio-de-tecnica-de-enfermagem-e-preso-suspeito-de-matar-sobrinha-com-quem-tinha-relacionamento-na-pb\/","title":{"rendered":"Tio de t\u00e9cnica de enfermagem \u00e9 preso suspeito de matar sobrinha com quem tinha relacionamento na PB"},"content":{"rendered":"<p>A pol\u00edcia prendeu\u00a0nessa quarta-feira (7) o suspeito de matar a t\u00e9cnica de enfermagem Francisca da Silva, de 28 anos,\u00a0morta dentro de um escrit\u00f3rio, no centro da\u00a0cidade de Sousa, no Sert\u00e3o paraibano.\u00a0A v\u00edtima era sobrinha do suspeito. Segundo a Pol\u00edcia Civil, o suspeito tinha um\u00a0relacionamento amoroso com a sobrinha. Ele foi apontado como o principal suspeito do crime.<\/p>\n<p>De acordo com a Pol\u00edcia Civil, o homem estava escondido embaixo de uma placa de concreto do canal do per\u00edmetro irrigado das v\u00e1rzeas de Sousa.<\/p>\n<p>O suspeito foi ouvido at\u00e9 a noite de ontem pelo\u00a0delegado da Pol\u00edcia Civil, Vicente Hon\u00f3rio. O\u00a0caso \u00e9 investigado como crime passional.<\/p>\n<p>A v\u00edtima foi uma t\u00e9cnica em enfermagem de 28 anos. Na tarde da segunda-feira, ela estava em um escrit\u00f3rio, no Centro de Sousa, quando o suspeito teria entrado no local e atirado v\u00e1rias vezes contra ela. Depois do crime, o suspeito fugiu em uma moto, que foi encontrada abandonada no mesmo dia. A v\u00edtima chegou a ser socorrida e levada para o Hospital Regional de Sousa, mas n\u00e3o resistiu e morreu.<\/p>\n<p><strong>CARIRI EM A\u00c7\u00c3O<\/strong><\/p>\n<p><em>\u00a0Com Clik PB\u00a0<\/em><em>\/ Foto: Reprodu\u00e7\u00e3o google<\/em><\/p>\n<p><strong>Leia mais not\u00edcias em\u00a0<\/strong><a href=\"http:\/\/www.caririemacao.com\/\"><strong>caririemacao.com<\/strong><\/a><strong>, siga nossa p\u00e1gina no\u00a0<\/strong><a href=\"https:\/\/www.facebook.com\/CaririEmAcao\/?ref=aymt_homepage_panel\"><strong>Facebook<\/strong><\/a>,<strong>\u00a0<\/strong><a href=\"https:\/\/www.instagram.com\/cariri_em_acao\/?hl=pt-br\"><strong>Instagram<\/strong><\/a><strong>\u00a0e\u00a0<\/strong><a href=\"https:\/\/www.youtube.com\/channel\/UCAptA0jQuYQy8vMhLt2m4qg\"><strong>Youtube<\/strong><\/a><strong>\u00a0e veja nossas mat\u00e9rias, v\u00eddeos e fotos. Voc\u00ea tamb\u00e9m pode enviar informa\u00e7\u00f5es \u00e0 Reda\u00e7\u00e3o do Portal Cariri em A\u00e7\u00e3o pelo WhatsApp (83) 9 9634.5791, (83) 9 9601-1162.<\/strong><\/p>\n","protected":false},"excerpt":{"rendered":"<p>A pol\u00edcia prendeu\u00a0nessa quarta-feira (7) o suspeito de matar a t\u00e9cnica de enfermagem Francisca da Silva, de 28 anos,\u00a0morta dentro de um escrit\u00f3rio, no centro&hellip; <\/p>\n","protected":false},"author":2,"featured_media":40274,"comment_status":"closed","ping_status":"closed","sticky":false,"template":"","format":"standard","meta":{"sfsi_plus_gutenberg_text_before_share":"","sfsi_plus_gutenberg_show_text_before_share":"","sfsi_plus_gutenberg_icon_type":"","sfsi_plus_gutenberg_icon_alignemt":"","sfsi_plus_gutenburg_max_per_row":"","footnotes":""},"categories":[12],"tags":[],"class_list":["post-40273","post","type-post","status-publish","format-standard","has-post-thumbnail","hentry","category-policia"],"_links":{"self":[{"href":"https:\/\/www.caririemacao.com\/1\/wp-json\/wp\/v2\/posts\/40273","targetHints":{"allow":["GET"]}}],"collection":[{"href":"https:\/\/www.caririemacao.com\/1\/wp-json\/wp\/v2\/posts"}],"about":[{"href":"https:\/\/www.caririemacao.com\/1\/wp-json\/wp\/v2\/types\/post"}],"author":[{"embeddable":true,"href":"https:\/\/www.caririemacao.com\/1\/wp-json\/wp\/v2\/users\/2"}],"replies":[{"embeddable":true,"href":"https:\/\/www.caririemacao.com\/1\/wp-json\/wp\/v2\/comments?post=40273"}],"version-history":[{"count":0,"href":"https:\/\/www.caririemacao.com\/1\/wp-json\/wp\/v2\/posts\/40273\/revisions"}],"wp:featuredmedia":[{"embeddable":true,"href":"https:\/\/www.caririemacao.com\/1\/wp-json\/wp\/v2\/media\/40274"}],"wp:attachment":[{"href":"https:\/\/www.caririemacao.com\/1\/wp-json\/wp\/v2\/media?parent=40273"}],"wp:term":[{"taxonomy":"category","embeddable":true,"href":"https:\/\/www.caririemacao.com\/1\/wp-json\/wp\/v2\/categories?post=40273"},{"taxonomy":"post_tag","embeddable":true,"href":"https:\/\/www.caririemacao.com\/1\/wp-json\/wp\/v2\/tags?post=40273"}],"curies":[{"name":"wp","href":"https:\/\/api.w.org\/{rel}","templated":true}]}}