{"id":40276,"date":"2018-02-08T08:03:50","date_gmt":"2018-02-08T11:03:50","guid":{"rendered":"http:\/\/caririemacao.com\/1\/?p=40276"},"modified":"2018-02-08T08:04:26","modified_gmt":"2018-02-08T11:04:26","slug":"policia-revela-identidade-dos-integrantes-da-gangue-que-explodiu-banco-em-shopping-entre-eles-o-funcionario-da-pmcg","status":"publish","type":"post","link":"https:\/\/www.caririemacao.com\/1\/2018\/02\/08\/policia-revela-identidade-dos-integrantes-da-gangue-que-explodiu-banco-em-shopping-entre-eles-o-funcionario-da-pmcg\/","title":{"rendered":"Pol\u00edcia revela identidade dos integrantes da gangue que explodiu banco em Shopping, entre eles o funcion\u00e1rio da PMCG"},"content":{"rendered":"<div>Quatro pessoas foram presas suspeitas de envolvimento com ataques contra institui\u00e7\u00f5es financeiras e roubos e furtos de ve\u00edculos para a pr\u00e1tica dessas a\u00e7\u00f5es em Campina Grande e regi\u00e3o durante uma opera\u00e7\u00e3o integrada das pol\u00edcias Federal, Rodovi\u00e1ria Federal e Civil, realizada na manh\u00e3 desta quarta-feira (7) em Campina e na zona rural de Massaranduba.<\/div>\n<div><\/div>\n<div>Inicialmente havia sido divulgada a informa\u00e7\u00e3o de que o grupo preso estaria envolvido com o ataque \u00e0 Caixa Econ\u00f4mica Federal no Partage Shopping praticado no dia 17 de janeiro, em Campina, mas a Pol\u00edcia Civil divulgou, durante uma entrevista coletiva realizada na manh\u00e3 de hoje, que ainda \u00e9 prematuro apontar a liga\u00e7\u00e3o dos presos com essa ocorr\u00eancia.<\/div>\n<div><\/div>\n<div>No entanto, o delegado da Delegacia de Roubos e Furtos de Campina Grande, Cristiano Santana, afirmou que n\u00e3o desconsidera a liga\u00e7\u00e3o do grupo preso com o caso do Partage, de modo que as investiga\u00e7\u00f5es continuam para averiguar de forma mais profunda a atua\u00e7\u00e3o da quadrilha presa.<\/div>\n<div>Ainda de acordo com o delegado, a\u00e7\u00e3o recebeu o nome de Opera\u00e7\u00e3o Aurora e cumpriu quatro mandados de pris\u00e3o, entre eles o de um homem que est\u00e1 detido na Penitenci\u00e1ria Padr\u00e3o, em Campina, e oito mandados de busca e apreens\u00e3o, cumpridos em Campina e na zona rural de Massaranduba.<\/div>\n<div><\/div>\n<div>O objetivo da a\u00e7\u00e3o, segundo o delegado, \u00e9 o enfrentamento aos crimes contra institui\u00e7\u00f5es financeiras, bem como a coleta de materiais de m\u00eddia que possam oferecer mais subs\u00eddios \u00e0s investiga\u00e7\u00f5es, uma vez que foram apreendidos celulares, tabletes e outros aparelhos eletr\u00f4nicos que podem conter mais provas sobre os crimes dos quais a quadrilha \u00e9 suspeita.<\/div>\n<div><\/div>\n<div>Entre os suspeitos tamb\u00e9m est\u00e1 um servidor comissionado da\u00a0Prefeitura Municipal de Campina Grande (PMCG) lotado no Gabinete do Prefeito identificado como Rom\u00e1rio Gomes Silveira.<\/div>\n<div>A PMCG divulgou uma nota lamentando a acusa\u00e7\u00e3o de envolvimento do servidor e informou que ele foi exonerado pelo prefeito Romero Rodrigues no final da manh\u00e3 desta quarta-feira por uma quest\u00e3o de zelo institucional. O ato ser\u00e1 publicado no Seman\u00e1rio Oficial do Munic\u00edpio.<\/div>\n<div><\/div>\n<div>Segundo a nota, \u201ca exonera\u00e7\u00e3o do servidor n\u00e3o significa, necessariamente, uma condena\u00e7\u00e3o antecipada em rela\u00e7\u00e3o a uma acusa\u00e7\u00e3o \u00e0 qual ele ter\u00e1 oportunidade de apresentar defesa e, se for o caso, demonstrar sua inoc\u00eancia. De fato, trata-se de uma medida administrativa sensata e de respeito aos princ\u00edpios que regem a gest\u00e3o, sob a luz da \u00e9tica, honradez e comportamento exemplar\u201d.<\/div>\n<div>Rom\u00e1rio Silveira Gomes foi conduzido, ouvido e liberado.<\/div>\n<div><\/div>\n<div>As pessoas presas est\u00e3o na Central de Pol\u00edcia \u00e0 disposi\u00e7\u00e3o da Justi\u00e7a e segundo a PC ainda h\u00e1 outros mandados a serem cumpridos na regi\u00e3o.<\/div>\n<div><a href=\"http:\/\/caririemacao.com\/1\/wp-content\/uploads\/2018\/02\/bandidos-1024x358.jpg\"><img decoding=\"async\" class=\"aligncenter size-full wp-image-40278 lazyload\" data-src=\"http:\/\/caririemacao.com\/1\/wp-content\/uploads\/2018\/02\/bandidos-1024x358.jpg\" alt=\"\" width=\"320\" height=\"112\" data-srcset=\"https:\/\/www.caririemacao.com\/1\/wp-content\/uploads\/2018\/02\/bandidos-1024x358.jpg 320w, https:\/\/www.caririemacao.com\/1\/wp-content\/uploads\/2018\/02\/bandidos-1024x358-300x105.jpg 300w\" data-sizes=\"(max-width: 320px) 100vw, 320px\" src=\"data:image\/svg+xml;base64,PHN2ZyB3aWR0aD0iMSIgaGVpZ2h0PSIxIiB4bWxucz0iaHR0cDovL3d3dy53My5vcmcvMjAwMC9zdmciPjwvc3ZnPg==\" style=\"--smush-placeholder-width: 320px; --smush-placeholder-aspect-ratio: 320\/112;\" \/><\/a><\/div>\n<div>\n<p><strong>CARIRI EM A\u00c7\u00c3O<\/strong><\/p>\n<p><em>\u00a0Com Blog do Felipe Silva\u00a0<\/em><\/p>\n<p><strong>Leia mais not\u00edcias em\u00a0<\/strong><a href=\"http:\/\/www.caririemacao.com\/\"><strong>caririemacao.com<\/strong><\/a><strong>, siga nossa p\u00e1gina no\u00a0<\/strong><a href=\"https:\/\/www.facebook.com\/CaririEmAcao\/?ref=aymt_homepage_panel\"><strong>Facebook<\/strong><\/a>,<strong>\u00a0<\/strong><a href=\"https:\/\/www.instagram.com\/cariri_em_acao\/?hl=pt-br\"><strong>Instagram<\/strong><\/a><strong>\u00a0e\u00a0<\/strong><a href=\"https:\/\/www.youtube.com\/channel\/UCAptA0jQuYQy8vMhLt2m4qg\"><strong>Youtube<\/strong><\/a><strong>\u00a0e veja nossas mat\u00e9rias, v\u00eddeos e fotos. Voc\u00ea tamb\u00e9m pode enviar informa\u00e7\u00f5es \u00e0 Reda\u00e7\u00e3o do Portal Cariri em A\u00e7\u00e3o pelo WhatsApp (83) 9 9634.5791, (83) 9 9601-1162.<\/strong><\/p>\n<\/div>\n","protected":false},"excerpt":{"rendered":"<p>Quatro pessoas foram presas suspeitas de envolvimento com ataques contra institui\u00e7\u00f5es financeiras e roubos e furtos de ve\u00edculos para a pr\u00e1tica dessas a\u00e7\u00f5es em Campina&hellip; <\/p>\n","protected":false},"author":2,"featured_media":39138,"comment_status":"closed","ping_status":"closed","sticky":false,"template":"","format":"standard","meta":{"sfsi_plus_gutenberg_text_before_share":"","sfsi_plus_gutenberg_show_text_before_share":"","sfsi_plus_gutenberg_icon_type":"","sfsi_plus_gutenberg_icon_alignemt":"","sfsi_plus_gutenburg_max_per_row":"","footnotes":""},"categories":[12],"tags":[],"class_list":["post-40276","post","type-post","status-publish","format-standard","has-post-thumbnail","hentry","category-policia"],"_links":{"self":[{"href":"https:\/\/www.caririemacao.com\/1\/wp-json\/wp\/v2\/posts\/40276","targetHints":{"allow":["GET"]}}],"collection":[{"href":"https:\/\/www.caririemacao.com\/1\/wp-json\/wp\/v2\/posts"}],"about":[{"href":"https:\/\/www.caririemacao.com\/1\/wp-json\/wp\/v2\/types\/post"}],"author":[{"embeddable":true,"href":"https:\/\/www.caririemacao.com\/1\/wp-json\/wp\/v2\/users\/2"}],"replies":[{"embeddable":true,"href":"https:\/\/www.caririemacao.com\/1\/wp-json\/wp\/v2\/comments?post=40276"}],"version-history":[{"count":0,"href":"https:\/\/www.caririemacao.com\/1\/wp-json\/wp\/v2\/posts\/40276\/revisions"}],"wp:featuredmedia":[{"embeddable":true,"href":"https:\/\/www.caririemacao.com\/1\/wp-json\/wp\/v2\/media\/39138"}],"wp:attachment":[{"href":"https:\/\/www.caririemacao.com\/1\/wp-json\/wp\/v2\/media?parent=40276"}],"wp:term":[{"taxonomy":"category","embeddable":true,"href":"https:\/\/www.caririemacao.com\/1\/wp-json\/wp\/v2\/categories?post=40276"},{"taxonomy":"post_tag","embeddable":true,"href":"https:\/\/www.caririemacao.com\/1\/wp-json\/wp\/v2\/tags?post=40276"}],"curies":[{"name":"wp","href":"https:\/\/api.w.org\/{rel}","templated":true}]}}