{"id":40293,"date":"2018-02-08T08:28:32","date_gmt":"2018-02-08T11:28:32","guid":{"rendered":"http:\/\/caririemacao.com\/1\/?p=40293"},"modified":"2018-02-08T08:30:31","modified_gmt":"2018-02-08T11:30:31","slug":"huck-reitera-ao-tse-que-nao-vai-disputar-eleicao","status":"publish","type":"post","link":"https:\/\/www.caririemacao.com\/1\/2018\/02\/08\/huck-reitera-ao-tse-que-nao-vai-disputar-eleicao\/","title":{"rendered":"Huck reitera ao TSE que n\u00e3o vai disputar elei\u00e7\u00e3o"},"content":{"rendered":"<p>A defesa de Luciano Huck informou ao TSE que ele \u201creitera que n\u00e3o ser\u00e1 candidato no pleito deste ano\u201d. A afirma\u00e7\u00e3o consta do processo em que o apresentador \u00e9 acusado pelo PT de ter promovido sua eventual candidatura ao Planalto no \u2018Programa do Faust\u00e3o\u2019, da TV Globo. A defesa rebate ponto a ponto a acusa\u00e7\u00e3o e menciona a \u201cpresen\u00e7a do presidente Michel Temer em programas do SBT, a fim de defender a imagem do seu governo e a reforma da Previd\u00eancia\u201d, como exemplo de que n\u00e3o \u00e9 vedado tratar de pol\u00edtica nas emissoras de TV.<\/p>\n<p><strong>Ele pode?<\/strong>\u00a0Ao TSE, a defesa de Huck disse que, se a participa\u00e7\u00e3o de Temer em v\u00e1rios programas do SBT \u00e9 admitida, \u201cn\u00e3o h\u00e1 motivo para se pretender recriminar\u201d seu cliente por defender, no Faust\u00e3o, \u201ca necessidade de renova\u00e7\u00e3o da carcomida pol\u00edtica nacional\u201d.<\/p>\n<div class=\"limite-continuar-lendo\">\u00a0<strong>Ponto a ponto.<\/strong>\u00a0A defesa de Huck tamb\u00e9m contesta o fato de a a\u00e7\u00e3o ter sido movida pelo senador Lindbergh Farias e o deputado Paulo Pimenta, ambos do PT, que n\u00e3o teriam compet\u00eancia para isso, e de haver pedido de multa, que entende n\u00e3o caber nesse caso.<\/div>\n<div class=\"n--noticia__newsletter\">\n<section class=\"newsletter-editoria editorial newsletter box-newsletter principal\">\n<div class=\"box\">\n<section class=\"col-md-12 col-sm-12 col-xs-12 content-newsletter\">\n<div class=\"row principal\"><\/div>\n<\/section>\n<\/div>\n<\/section>\n<\/div>\n<p><strong>T\u00e1 comigo.<\/strong>\u00a0O ministro Napole\u00e3o Nunes Maia, corregedor do TSE, recebeu a defesa de Huck na ter\u00e7a-feira. O PT requer a inelegibilidade e\/ou a cassa\u00e7\u00e3o do registro da respectiva candidatura do apresentador.<\/p>\n<p><strong>Nem tente.<\/strong>\u00a0Qualquer inten\u00e7\u00e3o de petistas de substituir Lula por Dilma na elei\u00e7\u00e3o presidencial, caso ele seja impedido de disputar, esbarrar\u00e1 na Justi\u00e7a. O TSE j\u00e1 decidiu que, em casos de cassa\u00e7\u00e3o de mandato, \u00e9 preciso de um interst\u00edcio. Dilma s\u00f3 poderia concorrer \u00e0 Presid\u00eancia em 2022.<\/p>\n<p><strong>Pra votar\u2026<\/strong>\u00a0O l\u00edder do MDB na C\u00e2mara, Baleia Rossi (SP), pediu ao relator da reforma da Previd\u00eancia, Arthur Maia (PPS-BA), que igualasse a aposentadoria dos agentes penitenci\u00e1rios \u00e0 de policiais. Rossi vai defender a mudan\u00e7a no plen\u00e1rio.<\/p>\n<p><strong>Grande fam\u00edlia.<\/strong>\u00a0O presidente do Senado, Eun\u00edcio Oliveira, quer lan\u00e7ar seu filho, Rodrigo Oliveira, de 22 anos, a deputado federal. Aliados n\u00e3o gostam da ideia de ter de dividir votos.<\/p>\n<div id=\"attachment_30208\" class=\"wp-caption aligncenter\">\n<p class=\"wp-caption-text\"><strong>Na mesa.<\/strong>\u00a0A Justi\u00e7a Trabalhista apresentou aos presidentes dos Tr\u00eas Poderes a sugest\u00e3o para que troquem todos os aux\u00edlios de magistrados por um plano de carreira para o Judici\u00e1rio. Prop\u00f5e reajustes graduados (5% a cada cinco anos).<\/p>\n<\/div>\n<p><strong>Cabo de guerra.<\/strong>\u00a0O ministro da Agricultura, Blairo Maggi, quer impor como seu substituto o secret\u00e1rio executivo Eumar Novacki, quando deixar o cargo para concorrer ao Senado. Mas o PP n\u00e3o aceita e indicou para a vaga o deputado Dilceu Sperafico (PR), que n\u00e3o vai se candidatar.<\/p>\n<p><strong>CLICK.<\/strong>\u00a0O governador Marcelo Miranda (TO), que responde a processo que pode levar \u00e0 cassa\u00e7\u00e3o do seu mandato, prestigiou a posse do presidente do TSE, Luiz Fux.<\/p>\n<p><strong>Faca no pesco\u00e7o.<\/strong>\u00a0A bancada de deputados do MDB amea\u00e7a lan\u00e7ar um nome alternativo \u00e0 presid\u00eancia da legenda na conven\u00e7\u00e3o de mar\u00e7o, caso o presidente Romero Juc\u00e1 n\u00e3o defina ainda este m\u00eas a cota que ser\u00e1 distribu\u00edda a cada deputado do fundo partid\u00e1rio.<\/p>\n<p><strong>\u00c9 guerra.<\/strong>\u00a0Advers\u00e1rios de M\u00e1rcio Fran\u00e7a (PSB) na disputa pelo governo paulista v\u00e3o colar a imagem dele \u00e0 do PT. Pesquisas internas de partidos mostram que o vice-governador de S\u00e3o Paulo perde votos quando \u00e9 associado aos petistas.<\/p>\n<p><strong>PRONTO, FALEI!\u00a0<\/strong><\/p>\n<p>\u201cO discurso do presidente Temer na ONU diz que o Brasil tem de receber todo mundo. Por outro lado, n\u00e3o h\u00e1 estrutura para essas pessoas aqui\u201d, DA PREFEITA DE BOA VISTA, TERESA SURITA (MDB-RR),\u00a0<em>sobre a situa\u00e7\u00e3o dos 40 mil estrangeiros que entraram no Pa\u00eds<\/em>.<\/p>\n<p><strong>CARIRI EM A\u00c7\u00c3O<\/strong><\/p>\n<p><em>Com Estad\u00e3o \/Foto: Reprodu\u00e7\u00e3o Internet<\/em><\/p>\n<p><strong>Leia mais not\u00edcias em\u00a0<\/strong><a href=\"http:\/\/www.caririemacao.com\/\"><strong>caririemacao.com<\/strong><\/a><strong>, siga nossa p\u00e1gina no\u00a0<\/strong><a href=\"https:\/\/www.facebook.com\/CaririEmAcao\/?ref=aymt_homepage_panel\"><strong>Facebook<\/strong><\/a>,<strong>\u00a0<\/strong><a href=\"https:\/\/www.instagram.com\/cariri_em_acao\/?hl=pt-br\"><strong>Instagram<\/strong><\/a><strong>\u00a0e <\/strong><a href=\"https:\/\/www.youtube.com\/channel\/UCAptA0jQuYQy8vMhLt2m4qg\"><strong>Youtube<\/strong><\/a><strong>\u00a0e veja nossas mat\u00e9rias, v\u00eddeos e fotos. Voc\u00ea tamb\u00e9m pode enviar informa\u00e7\u00f5es \u00e0 Reda\u00e7\u00e3o do Portal Cariri em A\u00e7\u00e3o pelo WhatsApp (83) 9 9634.5791, (83) 9 9601-1162.<\/strong><\/p>\n","protected":false},"excerpt":{"rendered":"<p>A defesa de Luciano Huck informou ao TSE que ele \u201creitera que n\u00e3o ser\u00e1 candidato no pleito deste ano\u201d. A afirma\u00e7\u00e3o consta do processo em&hellip; <\/p>\n","protected":false},"author":2,"featured_media":32846,"comment_status":"closed","ping_status":"closed","sticky":false,"template":"","format":"standard","meta":{"sfsi_plus_gutenberg_text_before_share":"","sfsi_plus_gutenberg_show_text_before_share":"","sfsi_plus_gutenberg_icon_type":"","sfsi_plus_gutenberg_icon_alignemt":"","sfsi_plus_gutenburg_max_per_row":"","footnotes":""},"categories":[1],"tags":[],"class_list":["post-40293","post","type-post","status-publish","format-standard","has-post-thumbnail","hentry","category-o-site"],"_links":{"self":[{"href":"https:\/\/www.caririemacao.com\/1\/wp-json\/wp\/v2\/posts\/40293","targetHints":{"allow":["GET"]}}],"collection":[{"href":"https:\/\/www.caririemacao.com\/1\/wp-json\/wp\/v2\/posts"}],"about":[{"href":"https:\/\/www.caririemacao.com\/1\/wp-json\/wp\/v2\/types\/post"}],"author":[{"embeddable":true,"href":"https:\/\/www.caririemacao.com\/1\/wp-json\/wp\/v2\/users\/2"}],"replies":[{"embeddable":true,"href":"https:\/\/www.caririemacao.com\/1\/wp-json\/wp\/v2\/comments?post=40293"}],"version-history":[{"count":0,"href":"https:\/\/www.caririemacao.com\/1\/wp-json\/wp\/v2\/posts\/40293\/revisions"}],"wp:featuredmedia":[{"embeddable":true,"href":"https:\/\/www.caririemacao.com\/1\/wp-json\/wp\/v2\/media\/32846"}],"wp:attachment":[{"href":"https:\/\/www.caririemacao.com\/1\/wp-json\/wp\/v2\/media?parent=40293"}],"wp:term":[{"taxonomy":"category","embeddable":true,"href":"https:\/\/www.caririemacao.com\/1\/wp-json\/wp\/v2\/categories?post=40293"},{"taxonomy":"post_tag","embeddable":true,"href":"https:\/\/www.caririemacao.com\/1\/wp-json\/wp\/v2\/tags?post=40293"}],"curies":[{"name":"wp","href":"https:\/\/api.w.org\/{rel}","templated":true}]}}