{"id":40294,"date":"2018-02-08T08:29:36","date_gmt":"2018-02-08T11:29:36","guid":{"rendered":"http:\/\/caririemacao.com\/1\/?p=40294"},"modified":"2018-02-08T08:29:36","modified_gmt":"2018-02-08T11:29:36","slug":"raimundo-lira-deseja-compor-chapa-com-tucano-para-disputa-pelo-senado","status":"publish","type":"post","link":"https:\/\/www.caririemacao.com\/1\/2018\/02\/08\/raimundo-lira-deseja-compor-chapa-com-tucano-para-disputa-pelo-senado\/","title":{"rendered":"Raimundo Lira deseja compor chapa com tucano para disputa pelo Senado"},"content":{"rendered":"<p>Com pretens\u00f5es de pleitear a reelei\u00e7\u00e3o ao Senado Federal este ano, o senador Raimundo Lira (MDB) enfatizou a possibilidade de seu companheiro de chapa ser o senador C\u00e1ssio Cunha Lima (PSDB).<\/p>\n<p>\u2013 Acho que hoje com essa defini\u00e7\u00e3o clara de que eu estou na oposi\u00e7\u00e3o da Para\u00edba, com certeza o meu companheiro de chapa ser\u00e1 o senador C\u00e1ssio Cunha Lima. A forma mais eficiente de prejudicar uma elei\u00e7\u00e3o minha seria colocar ao meu lado um candidato ao Senado fraco. Um candidato ao Senado fraco puxa o outro \u2013 disse.<\/p>\n<p><strong>CARIRI EM A\u00c7\u00c3O<\/strong><\/p>\n<p><em>R\u00e1dio 101. 1 FM com Para\u00edba online\/Foto:\u00a0Ascom<\/em><\/p>\n<p><strong>Leia mais not\u00edcias em\u00a0<\/strong><a href=\"http:\/\/www.caririemacao.com\/\"><strong>caririemacao.com<\/strong><\/a><strong>, siga nossa p\u00e1gina no\u00a0<\/strong><a href=\"https:\/\/www.facebook.com\/CaririEmAcao\/?ref=aymt_homepage_panel\"><strong>Facebook<\/strong><\/a>,<strong>\u00a0<\/strong><a href=\"https:\/\/www.instagram.com\/cariri_em_acao\/?hl=pt-br\"><strong>Instagram<\/strong><\/a><strong>\u00a0e\u00a0<\/strong><a href=\"https:\/\/www.youtube.com\/channel\/UCAptA0jQuYQy8vMhLt2m4qg\"><strong>Youtube<\/strong><\/a><strong>\u00a0e veja nossas mat\u00e9rias, v\u00eddeos e fotos. Voc\u00ea tamb\u00e9m pode enviar informa\u00e7\u00f5es \u00e0 Reda\u00e7\u00e3o do Portal Cariri em A\u00e7\u00e3o pelo WhatsApp (83) 9 9634.5791, (83) 9 9601-1162.<\/strong><\/p>\n","protected":false},"excerpt":{"rendered":"<p>Com pretens\u00f5es de pleitear a reelei\u00e7\u00e3o ao Senado Federal este ano, o senador Raimundo Lira (MDB) enfatizou a possibilidade de seu companheiro de chapa ser&hellip; <\/p>\n","protected":false},"author":2,"featured_media":40296,"comment_status":"closed","ping_status":"closed","sticky":false,"template":"","format":"standard","meta":{"sfsi_plus_gutenberg_text_before_share":"","sfsi_plus_gutenberg_show_text_before_share":"","sfsi_plus_gutenberg_icon_type":"","sfsi_plus_gutenberg_icon_alignemt":"","sfsi_plus_gutenburg_max_per_row":"","footnotes":""},"categories":[1],"tags":[],"class_list":["post-40294","post","type-post","status-publish","format-standard","has-post-thumbnail","hentry","category-o-site"],"_links":{"self":[{"href":"https:\/\/www.caririemacao.com\/1\/wp-json\/wp\/v2\/posts\/40294","targetHints":{"allow":["GET"]}}],"collection":[{"href":"https:\/\/www.caririemacao.com\/1\/wp-json\/wp\/v2\/posts"}],"about":[{"href":"https:\/\/www.caririemacao.com\/1\/wp-json\/wp\/v2\/types\/post"}],"author":[{"embeddable":true,"href":"https:\/\/www.caririemacao.com\/1\/wp-json\/wp\/v2\/users\/2"}],"replies":[{"embeddable":true,"href":"https:\/\/www.caririemacao.com\/1\/wp-json\/wp\/v2\/comments?post=40294"}],"version-history":[{"count":0,"href":"https:\/\/www.caririemacao.com\/1\/wp-json\/wp\/v2\/posts\/40294\/revisions"}],"wp:featuredmedia":[{"embeddable":true,"href":"https:\/\/www.caririemacao.com\/1\/wp-json\/wp\/v2\/media\/40296"}],"wp:attachment":[{"href":"https:\/\/www.caririemacao.com\/1\/wp-json\/wp\/v2\/media?parent=40294"}],"wp:term":[{"taxonomy":"category","embeddable":true,"href":"https:\/\/www.caririemacao.com\/1\/wp-json\/wp\/v2\/categories?post=40294"},{"taxonomy":"post_tag","embeddable":true,"href":"https:\/\/www.caririemacao.com\/1\/wp-json\/wp\/v2\/tags?post=40294"}],"curies":[{"name":"wp","href":"https:\/\/api.w.org\/{rel}","templated":true}]}}