{"id":40299,"date":"2018-02-08T08:39:08","date_gmt":"2018-02-08T11:39:08","guid":{"rendered":"http:\/\/caririemacao.com\/1\/?p=40299"},"modified":"2018-02-08T08:39:08","modified_gmt":"2018-02-08T11:39:08","slug":"governo-sondou-influenciadores-digitais-para-defender-previdencia","status":"publish","type":"post","link":"https:\/\/www.caririemacao.com\/1\/2018\/02\/08\/governo-sondou-influenciadores-digitais-para-defender-previdencia\/","title":{"rendered":"Governo sondou influenciadores digitais para defender Previd\u00eancia"},"content":{"rendered":"<p>O governo Michel Temer sondou influenciadores digitais em redes sociais para que eles defendessem a reforma previdenci\u00e1ria.<\/p>\n<p>Nesta quarta-feira (7), dois usu\u00e1rios do LinkedIn, rede profissional focada em neg\u00f3cios e projetos, afirmaram que recusaram a abordagem feita por ag\u00eancias de publicidade que atuam para a gest\u00e3o federal.<\/p>\n<p>Com 255 mil seguidores, o jornalista e palestrante Murillo Leal escreveu em sua p\u00e1gina on-line nesta quarta-feira que recebeu um telefonema com um convite para que escrevesse a favor da proposta.<\/p>\n<p>&#8220;N\u00e3o acreditei, chequei e era real. Est\u00e3o investindo em publicidade. Obviamente, este dinheiro alto seria bem vindo na minha conta. Claro, n\u00e3o aceitei&#8221;, disse.<\/p>\n<p>No mesmo dia, o especialista em marketing digital Matheus de Souza, com 85,6 mil seguidores, escreveu que recebeu um convite do governo federal na ter\u00e7a-feira (6).<\/p>\n<p>&#8220;Eu n\u00e3o usarei tua grana para falar sobre algo que n\u00e3o domino para uma institui\u00e7\u00e3o que n\u00e3o confio&#8221;, escreveu.<\/p>\n<p>Em nota, a equipe de marketing do governo afirmou que \u00e9 &#8220;uma pr\u00e1tica comum do mercado de comunica\u00e7\u00e3o utilizar-se de porta-vozes para transmitir mensagens \u00e0 sociedade&#8221;.<\/p>\n<p>&#8220;\u00c9 pratica usual de empresas que oferecem esse tipo de servi\u00e7o atuarem proativamente e apresentarem propostas comerciais para marcas e governos. Para isso, consultam antecipadamente os poss\u00edveis contratados para saber de sua disponibilidade em participar ou n\u00e3o com tais depoimentos&#8221;, disse.<\/p>\n<p>A equipe\u00a0ressaltou, contudo, que n\u00e3o solicitou aos influenciadores digitais os contatos dos usu\u00e1rios da rede social e que a proposta apresentada &#8220;n\u00e3o foi autorizada&#8221; pelo governo federal. O valor oferecido a eles n\u00e3o foi informado.<\/p>\n<p>Segundo a reportagem apurou, o Pal\u00e1cio do Planalto avalia tamb\u00e9m buscar influenciadores digitais em outras redes sociais, como Twitter e Facebook.<\/p>\n<p>A duas semanas do in\u00edcio da discuss\u00e3o da reforma previdenci\u00e1ria em plen\u00e1rio, o presidente Michel Temer intensificou a produ\u00e7\u00e3o de propagandas nas redes sociais.<\/p>\n<p>Ao todo, a estimativa \u00e9 de que sejam repassados at\u00e9 o final de fevereiro cerca de R$ 50 milh\u00f5es para as ag\u00eancias publicit\u00e1rias realizaram campanha a favor da proposta.<\/p>\n<p><strong>CARIRI EM A\u00c7\u00c3O<\/strong><\/p>\n<p><em>Com Not\u00edcias ao Minuto\/Foto: Reprodu\u00e7\u00e3o Internet<\/em><\/p>\n<p><strong>Leia mais not\u00edcias em\u00a0<\/strong><a href=\"http:\/\/www.caririemacao.com\/\"><strong>caririemacao.com<\/strong><\/a><strong>, siga nossa p\u00e1gina no\u00a0<\/strong><a href=\"https:\/\/www.facebook.com\/CaririEmAcao\/?ref=aymt_homepage_panel\"><strong>Facebook<\/strong><\/a>,<strong>\u00a0<\/strong><a href=\"https:\/\/www.instagram.com\/cariri_em_acao\/?hl=pt-br\"><strong>Instagram<\/strong><\/a><strong>\u00a0e <\/strong><a href=\"https:\/\/www.youtube.com\/channel\/UCAptA0jQuYQy8vMhLt2m4qg\"><strong>Youtube<\/strong><\/a><strong>\u00a0e veja nossas mat\u00e9rias, v\u00eddeos e fotos. Voc\u00ea tamb\u00e9m pode enviar informa\u00e7\u00f5es \u00e0 Reda\u00e7\u00e3o do Portal Cariri em A\u00e7\u00e3o pelo WhatsApp (83) 9 9634.5791, (83) 9 9601-1162.<\/strong><\/p>\n","protected":false},"excerpt":{"rendered":"<p>O governo Michel Temer sondou influenciadores digitais em redes sociais para que eles defendessem a reforma previdenci\u00e1ria. Nesta quarta-feira (7), dois usu\u00e1rios do LinkedIn, rede&hellip; <\/p>\n","protected":false},"author":2,"featured_media":23516,"comment_status":"closed","ping_status":"closed","sticky":false,"template":"","format":"standard","meta":{"sfsi_plus_gutenberg_text_before_share":"","sfsi_plus_gutenberg_show_text_before_share":"","sfsi_plus_gutenberg_icon_type":"","sfsi_plus_gutenberg_icon_alignemt":"","sfsi_plus_gutenburg_max_per_row":"","footnotes":""},"categories":[11],"tags":[],"class_list":["post-40299","post","type-post","status-publish","format-standard","has-post-thumbnail","hentry","category-politica"],"_links":{"self":[{"href":"https:\/\/www.caririemacao.com\/1\/wp-json\/wp\/v2\/posts\/40299","targetHints":{"allow":["GET"]}}],"collection":[{"href":"https:\/\/www.caririemacao.com\/1\/wp-json\/wp\/v2\/posts"}],"about":[{"href":"https:\/\/www.caririemacao.com\/1\/wp-json\/wp\/v2\/types\/post"}],"author":[{"embeddable":true,"href":"https:\/\/www.caririemacao.com\/1\/wp-json\/wp\/v2\/users\/2"}],"replies":[{"embeddable":true,"href":"https:\/\/www.caririemacao.com\/1\/wp-json\/wp\/v2\/comments?post=40299"}],"version-history":[{"count":0,"href":"https:\/\/www.caririemacao.com\/1\/wp-json\/wp\/v2\/posts\/40299\/revisions"}],"wp:featuredmedia":[{"embeddable":true,"href":"https:\/\/www.caririemacao.com\/1\/wp-json\/wp\/v2\/media\/23516"}],"wp:attachment":[{"href":"https:\/\/www.caririemacao.com\/1\/wp-json\/wp\/v2\/media?parent=40299"}],"wp:term":[{"taxonomy":"category","embeddable":true,"href":"https:\/\/www.caririemacao.com\/1\/wp-json\/wp\/v2\/categories?post=40299"},{"taxonomy":"post_tag","embeddable":true,"href":"https:\/\/www.caririemacao.com\/1\/wp-json\/wp\/v2\/tags?post=40299"}],"curies":[{"name":"wp","href":"https:\/\/api.w.org\/{rel}","templated":true}]}}