{"id":40301,"date":"2018-02-08T08:42:47","date_gmt":"2018-02-08T11:42:47","guid":{"rendered":"http:\/\/caririemacao.com\/1\/?p=40301"},"modified":"2018-02-08T08:42:47","modified_gmt":"2018-02-08T11:42:47","slug":"presidente-polones-sanciona-lei-polemica-sobre-holocausto","status":"publish","type":"post","link":"https:\/\/www.caririemacao.com\/1\/2018\/02\/08\/presidente-polones-sanciona-lei-polemica-sobre-holocausto\/","title":{"rendered":"Presidente polon\u00eas sanciona lei pol\u00eamica sobre Holocausto"},"content":{"rendered":"<p>O presidente da\u00a0Pol\u00f4nia,\u00a0Andrzej Duda, sancionou na ter\u00e7a-feira a pol\u00eamica lei sobre o\u00a0Holocausto, destinada a proteger a imagem do pa\u00eds no exterior e que virou fonte de tens\u00e3o entre o pa\u00eds europeu e\u00a0Israel,\u00a0Estados Unidos\u00a0e\u00a0Ucr\u00e2nia.<\/p>\n<p>A nova norma prev\u00ea multas e at\u00e9 tr\u00eas anos de pris\u00e3o pelo uso do termo \u201ccampos de concentra\u00e7\u00e3o poloneses\u201d ou a men\u00e7\u00e3o de crimes efetuados pela na\u00e7\u00e3o polonesa durante o Holocausto.<\/p>\n<p>Andrzej Duda tamb\u00e9m anunciou que enviar\u00e1 a nova lei ao Tribunal Constitucional, para que verifique se o conte\u00fado viola a liberdade de express\u00e3o, como denunciaram as autoridades israelenses, que acreditam que a lei dificultar\u00e1 a investiga\u00e7\u00e3o de historiadores e a informa\u00e7\u00e3o publicada por meios de comunica\u00e7\u00e3o.<\/p>\n<p>\u201c\u00c9 uma solu\u00e7\u00e3o que, por um lado, preserva os interesses da Pol\u00f4nia, nossa dignidade e a verdade hist\u00f3rica, para que os julgamentos a nosso respeito no mundo sejam honestos, que se abstenham de nos difamar\u201d, afirmou Duda.<\/p>\n<p>\u201cMas, por outro lado, leva em conta a sensibilidade das pessoas para as quais a quest\u00e3o da mem\u00f3ria hist\u00f3rica do Holocausto continua sendo excepcionalmente importante, principalmente para os que sobreviveram e, enquanto puderem, devem contar ao mundo seu passado e sua experi\u00eancia\u201d, acrescentou.<\/p>\n<p><strong>Cr\u00edticas<\/strong><\/p>\n<p>O governo israelense, o Museu do Holocausto em Jerusal\u00e9m e membros de todo o c\u00edrculo pol\u00edtico da Knesset \u2013o parlamento de Israel\u2013 condenaram a lei por considerar que ela tenta \u201cdesafiar a verdade hist\u00f3rica\u201d e que pode \u201cesvanecer a cumplicidade, direta ou indireta, de setores da sociedade polonesa nos crimes contra os judeus\u201d.<\/p>\n<p>\u201cEsta lei \u00e9 sem fundamento. N\u00e3o podemos mudar a Hist\u00f3ria, e o Holocausto n\u00e3o pode ser negado\u201d, protestou o primeiro-ministro israelense, Benjamin Netanyahu.<\/p>\n<p>Os Estados Unidos expressaram sua preocupa\u00e7\u00e3o com as \u201cconsequ\u00eancias\u201d do projeto, pedindo \u00e0 Vars\u00f3via que reconsiderasse a decis\u00e3o. \u201cConcordamos que express\u00f5es como \u2018campos da morte poloneses\u2019 s\u00e3o imprecisas, suscet\u00edveis de induzir a erros e causar feridas\u201d, declarou a porta-voz do Departamento de Estado, Heather Nauert, em um comunicado. \u201cMas nos preocupa que esse projeto de lei, se for promulgado, afete a liberdade de express\u00e3o e o debate hist\u00f3rico\u201d, acrescentou.<\/p>\n<p>A Ucr\u00e2nia tamb\u00e9m denunciou o projeto de lei, que permite estabelecer a\u00e7\u00f5es legais contra quem negar os crimes de nacionalistas ucranianos cometidos entre 1925 e 1950, inclusive dos que colaboraram com a Alemanha nazista.<\/p>\n<p><strong>Diverg\u00eancias internas<\/strong><\/p>\n<p>Os principais partidos da oposi\u00e7\u00e3o criticaram a decis\u00e3o de Duda, que qualificaram de \u201cerro diplom\u00e1tico\u201d, e disseram que a lei abrir\u00e1 uma \u201ccrise diplom\u00e1tica\u201d com Israel e outras na\u00e7\u00f5es.<\/p>\n<p>Os pr\u00f3prios conservadores nacionalistas apoiadores de Duda estavam diante de um dilema, pois temiam serem acusados de ceder \u00e0 press\u00e3o estrangeira se n\u00e3o aprovassem a lei, por\u00e9m tamb\u00e9m n\u00e3o queriam prejudicar as rela\u00e7\u00f5es com os Estados Unidos e Israel.<\/p>\n<p><strong>CARIRI EM A\u00c7\u00c3O<\/strong><\/p>\n<p><em>Com Veja\/Foto:\u00a0Reuters<\/em><\/p>\n<p><strong>Leia mais not\u00edcias em\u00a0<\/strong><a href=\"http:\/\/www.caririemacao.com\/\"><strong>caririemacao.com<\/strong><\/a><strong>, siga nossa p\u00e1gina no\u00a0<\/strong><a href=\"https:\/\/www.facebook.com\/CaririEmAcao\/?ref=aymt_homepage_panel\"><strong>Facebook<\/strong><\/a>,<strong>\u00a0<\/strong><a href=\"https:\/\/www.instagram.com\/cariri_em_acao\/?hl=pt-br\"><strong>Instagram<\/strong><\/a><strong>\u00a0e <\/strong><a href=\"https:\/\/www.youtube.com\/channel\/UCAptA0jQuYQy8vMhLt2m4qg\"><strong>Youtube<\/strong><\/a><strong>\u00a0e veja nossas mat\u00e9rias, v\u00eddeos e fotos. Voc\u00ea tamb\u00e9m pode enviar informa\u00e7\u00f5es \u00e0 Reda\u00e7\u00e3o do Portal Cariri em A\u00e7\u00e3o pelo WhatsApp (83) 9 9634.5791, (83) 9 9601-1162.<\/strong><\/p>\n","protected":false},"excerpt":{"rendered":"<p>O presidente da\u00a0Pol\u00f4nia,\u00a0Andrzej Duda, sancionou na ter\u00e7a-feira a pol\u00eamica lei sobre o\u00a0Holocausto, destinada a proteger a imagem do pa\u00eds no exterior e que virou fonte&hellip; <\/p>\n","protected":false},"author":2,"featured_media":40302,"comment_status":"closed","ping_status":"closed","sticky":false,"template":"","format":"standard","meta":{"sfsi_plus_gutenberg_text_before_share":"","sfsi_plus_gutenberg_show_text_before_share":"","sfsi_plus_gutenberg_icon_type":"","sfsi_plus_gutenberg_icon_alignemt":"","sfsi_plus_gutenburg_max_per_row":"","footnotes":""},"categories":[2],"tags":[],"class_list":["post-40301","post","type-post","status-publish","format-standard","has-post-thumbnail","hentry","category-geral"],"_links":{"self":[{"href":"https:\/\/www.caririemacao.com\/1\/wp-json\/wp\/v2\/posts\/40301","targetHints":{"allow":["GET"]}}],"collection":[{"href":"https:\/\/www.caririemacao.com\/1\/wp-json\/wp\/v2\/posts"}],"about":[{"href":"https:\/\/www.caririemacao.com\/1\/wp-json\/wp\/v2\/types\/post"}],"author":[{"embeddable":true,"href":"https:\/\/www.caririemacao.com\/1\/wp-json\/wp\/v2\/users\/2"}],"replies":[{"embeddable":true,"href":"https:\/\/www.caririemacao.com\/1\/wp-json\/wp\/v2\/comments?post=40301"}],"version-history":[{"count":0,"href":"https:\/\/www.caririemacao.com\/1\/wp-json\/wp\/v2\/posts\/40301\/revisions"}],"wp:featuredmedia":[{"embeddable":true,"href":"https:\/\/www.caririemacao.com\/1\/wp-json\/wp\/v2\/media\/40302"}],"wp:attachment":[{"href":"https:\/\/www.caririemacao.com\/1\/wp-json\/wp\/v2\/media?parent=40301"}],"wp:term":[{"taxonomy":"category","embeddable":true,"href":"https:\/\/www.caririemacao.com\/1\/wp-json\/wp\/v2\/categories?post=40301"},{"taxonomy":"post_tag","embeddable":true,"href":"https:\/\/www.caririemacao.com\/1\/wp-json\/wp\/v2\/tags?post=40301"}],"curies":[{"name":"wp","href":"https:\/\/api.w.org\/{rel}","templated":true}]}}