{"id":40474,"date":"2018-02-10T06:48:21","date_gmt":"2018-02-10T09:48:21","guid":{"rendered":"http:\/\/caririemacao.com\/1\/?p=40474"},"modified":"2018-02-10T06:48:21","modified_gmt":"2018-02-10T09:48:21","slug":"policia-militar-reforcara-seguranca-na-regiao-do-cariri-durante-o-carnaval","status":"publish","type":"post","link":"https:\/\/www.caririemacao.com\/1\/2018\/02\/10\/policia-militar-reforcara-seguranca-na-regiao-do-cariri-durante-o-carnaval\/","title":{"rendered":"Pol\u00edcia Militar refor\u00e7ar\u00e1 seguran\u00e7a na regi\u00e3o do Cariri durante o carnaval"},"content":{"rendered":"<p>A Pol\u00edcia Militar refor\u00e7ar\u00e1 a seguran\u00e7a durante o per\u00edodo carnavalesco na regi\u00e3o do Cariri paraibano, principalmente nas cidades onde ocorrer\u00e3o eventos. A informa\u00e7\u00e3o foi confirmada pelo comandante do 11\u00b0 Batalh\u00e3o da PM, o Major Nicolau Terceiro.<\/p>\n<p>O Major Nicolau Terceiro informou que ser\u00e3o empregados todos os tipos de policiamento durante os dias de carnaval, para garantir a seguran\u00e7a e integridade dos foli\u00f5es na regi\u00e3o.<\/p>\n<p>O comandante informou ainda que as cidades onde ocorrer\u00e3o eventos carnavalescos, como Camala\u00fa, Prata, Ouro Velho, Cara\u00fabas e S\u00e3o Jo\u00e3o do Tigre, ter\u00e3o seguran\u00e7a refor\u00e7ada, assim como na cidade de Monteiro, que com a chegada das \u00e1guas do Rio S\u00e3o Francisco, o desemboque de sa\u00edda pr\u00f3ximo \u00e0 ponte de entrada da cidade, virou um balne\u00e1rio.<\/p>\n<p>Ser\u00e3o realizadas diversas a\u00e7\u00f5es de combate \u00e0 criminalidade e preven\u00e7\u00e3o, para garantir a seguran\u00e7a dos foli\u00f5es, como blitz nas entradas das cidades, opera\u00e7\u00f5es, entre outras a\u00e7\u00f5es. A Pol\u00edcia Militar estar\u00e1 em a\u00e7\u00e3o ostensiva durante todo o carnaval!<\/p>\n<p><strong>CARIRI EM A\u00c7\u00c3O<\/strong><\/p>\n<p><em>Com Vitrine do Cariri\/Foto:Divulga\u00e7\u00e3o\u00a0<\/em><\/p>\n<p><strong>Leia mais not\u00edcias em\u00a0<\/strong><a href=\"http:\/\/www.caririemacao.com\/\"><strong>caririemacao.com<\/strong><\/a><strong>, siga nossa p\u00e1gina no\u00a0<\/strong><a href=\"https:\/\/www.facebook.com\/CaririEmAcao\/?ref=aymt_homepage_panel\"><strong>Facebook<\/strong><\/a>,<strong>\u00a0<\/strong><a href=\"https:\/\/www.instagram.com\/cariri_em_acao\/?hl=pt-br\"><strong>Instagram<\/strong><\/a><strong>\u00a0e\u00a0<\/strong><a href=\"https:\/\/www.youtube.com\/channel\/UCAptA0jQuYQy8vMhLt2m4qg\"><strong>Youtube<\/strong><\/a><strong>\u00a0e veja nossas mat\u00e9rias, v\u00eddeos e fotos. Voc\u00ea tamb\u00e9m pode enviar informa\u00e7\u00f5es \u00e0 Reda\u00e7\u00e3o do Portal Cariri em A\u00e7\u00e3o pelo WhatsApp (83) 9 9634.5791, (83) 9 9601-1162.<\/strong><\/p>\n","protected":false},"excerpt":{"rendered":"<p>A Pol\u00edcia Militar refor\u00e7ar\u00e1 a seguran\u00e7a durante o per\u00edodo carnavalesco na regi\u00e3o do Cariri paraibano, principalmente nas cidades onde ocorrer\u00e3o eventos. A informa\u00e7\u00e3o foi confirmada&hellip; <\/p>\n","protected":false},"author":2,"featured_media":3750,"comment_status":"closed","ping_status":"closed","sticky":false,"template":"","format":"standard","meta":{"sfsi_plus_gutenberg_text_before_share":"","sfsi_plus_gutenberg_show_text_before_share":"","sfsi_plus_gutenberg_icon_type":"","sfsi_plus_gutenberg_icon_alignemt":"","sfsi_plus_gutenburg_max_per_row":"","footnotes":""},"categories":[6],"tags":[],"class_list":["post-40474","post","type-post","status-publish","format-standard","has-post-thumbnail","hentry","category-cidades"],"_links":{"self":[{"href":"https:\/\/www.caririemacao.com\/1\/wp-json\/wp\/v2\/posts\/40474","targetHints":{"allow":["GET"]}}],"collection":[{"href":"https:\/\/www.caririemacao.com\/1\/wp-json\/wp\/v2\/posts"}],"about":[{"href":"https:\/\/www.caririemacao.com\/1\/wp-json\/wp\/v2\/types\/post"}],"author":[{"embeddable":true,"href":"https:\/\/www.caririemacao.com\/1\/wp-json\/wp\/v2\/users\/2"}],"replies":[{"embeddable":true,"href":"https:\/\/www.caririemacao.com\/1\/wp-json\/wp\/v2\/comments?post=40474"}],"version-history":[{"count":0,"href":"https:\/\/www.caririemacao.com\/1\/wp-json\/wp\/v2\/posts\/40474\/revisions"}],"wp:featuredmedia":[{"embeddable":true,"href":"https:\/\/www.caririemacao.com\/1\/wp-json\/wp\/v2\/media\/3750"}],"wp:attachment":[{"href":"https:\/\/www.caririemacao.com\/1\/wp-json\/wp\/v2\/media?parent=40474"}],"wp:term":[{"taxonomy":"category","embeddable":true,"href":"https:\/\/www.caririemacao.com\/1\/wp-json\/wp\/v2\/categories?post=40474"},{"taxonomy":"post_tag","embeddable":true,"href":"https:\/\/www.caririemacao.com\/1\/wp-json\/wp\/v2\/tags?post=40474"}],"curies":[{"name":"wp","href":"https:\/\/api.w.org\/{rel}","templated":true}]}}