{"id":40479,"date":"2018-02-10T06:59:48","date_gmt":"2018-02-10T09:59:48","guid":{"rendered":"http:\/\/caririemacao.com\/1\/?p=40479"},"modified":"2018-02-10T06:59:48","modified_gmt":"2018-02-10T09:59:48","slug":"fifa-divulga-sedes-das-selecoes-na-copa-brasil-ficara-em-sochi","status":"publish","type":"post","link":"https:\/\/www.caririemacao.com\/1\/2018\/02\/10\/fifa-divulga-sedes-das-selecoes-na-copa-brasil-ficara-em-sochi\/","title":{"rendered":"Fifa divulga sedes das sele\u00e7\u00f5es na Copa; Brasil ficar\u00e1 em S\u00f3chi"},"content":{"rendered":"<p>A Fifa divulgou nessa sexta-feira (9) as sedes e os hot\u00e9is das 32 sele\u00e7\u00f5es da Copa do Mundo da R\u00fassia e confirmou tamb\u00e9m os campos de treinamento de cada pa\u00eds participante.<\/p>\n<p>A sele\u00e7\u00e3o brasileira ficar\u00e1 sediada na cidade de S\u00f3chi, a 1600 km da capital Moscou, no sudoeste da R\u00fassia. Ap\u00f3s a fase de grupos, as sele\u00e7\u00f5es ter\u00e3o a op\u00e7\u00e3o de continuar nessas cidades ou escolher uma nova sede, dependendo da disponibilidade. O hotel escolhido pela sele\u00e7\u00e3o brasileira foi o Swissotel Resort Sochi Kamelia. J\u00e1 o centro de treinamento ser\u00e1 o Yug-Sport Stadium, utilizado na \u00faltima edi\u00e7\u00e3o dos Jogos Ol\u00edmpicos de Inverno, em 2014, na cidade de S\u00f3chi.<\/p>\n<p>A Fifa espera a chegada das delega\u00e7\u00f5es dos 32 pa\u00edses cinco dias antes do in\u00edcio da primeira partida de cada sele\u00e7\u00e3o. A Copa do Mundo de 2018 come\u00e7a no dia 14 de junho. O Brasil estreia no 17 de junho, em Rostov (250 km de S\u00f3chi), contra a Su\u00ed\u00e7a. Curiosamente, o Brasil n\u00e3o jogar\u00e1 na cidade de S\u00f3chi na primeira fase da Copa do Mundo. Al\u00e9m do jogo de estreia, a sele\u00e7\u00e3o brasileira jogar\u00e1 em Caliningrado (1700 km de S\u00f3chi), contra a Costa Rica, dia 17 de junho, e em Moscou, contra a S\u00e9rvia, no dia 27 de junho.<\/p>\n<p>Al\u00e9m do Brasil, a Pol\u00f4nia tamb\u00e9m ficar\u00e1 sediada em S\u00f3chi. J\u00e1 Moscou foi a cidade mais escolhida (10 pa\u00edses). Entre eles, Alemanha, Argentina, Fran\u00e7a e Portugal.<\/p>\n<p>Confira as\u00a0cidades\u00a0onde cada sele\u00e7\u00e3o ficar\u00e1 na R\u00fassia durante a primeira fase da Copa do Mundo de 2018:<br \/>\n<strong>Moscou:\u00a0<\/strong>Alemanha, Argentina, B\u00e9lgica,\u00a0Fran\u00e7a, Ir\u00e3, M\u00e9xico, Peru, Portugal,\u00a0R\u00fassia e Tun\u00edsia<br \/>\n<strong>Anapa:\u00a0<\/strong>Dinamarca<br \/>\n<strong>Caliningrado:\u00a0<\/strong>S\u00e9rvia<br \/>\n<strong>Cazan:\u00a0<\/strong>Austr\u00e1lia e Jap\u00e3o<br \/>\n<strong>Essentuki:\u00a0<\/strong>Nig\u00e9ria<br \/>\n<strong>Gelendzhik<\/strong>: Isl\u00e2ndia e Su\u00e9cia<br \/>\n<strong>Grozny:\u00a0<\/strong>Egito<br \/>\n<strong>Kaluga:\u00a0<\/strong>Senegal<br \/>\n<strong>Krasnodar:\u00a0<\/strong>Espanha<br \/>\n<strong>Leningrado:\u00a0<\/strong>Cro\u00e1cia<br \/>\n<strong>Nijni Novgorod:\u00a0<\/strong>Uruguai<br \/>\n<strong>S\u00e3o Petersburgo:\u00a0<\/strong>Ar\u00e1bia Saudita, Coreia do Sul, Costa Rica e Inglaterra<br \/>\n<strong>Saranski:\u00a0<\/strong>Panam\u00e1<br \/>\n<strong>S\u00f3chi:\u00a0<\/strong>Brasil e Pol\u00f4nia<br \/>\n<strong>Tatarstan:\u00a0<\/strong>Col\u00f4mbia<br \/>\n<strong>Togliati:\u00a0<\/strong>Su\u00ed\u00e7a<br \/>\n<strong>Voronezh:<\/strong>\u00a0Marrocos<\/p>\n<p><strong>CARIRI EM A\u00c7\u00c3O<\/strong><\/p>\n<p><em>Com R7 \/Foto:\u00a0R7<\/em><\/p>\n<p><strong>Leia mais not\u00edcias em\u00a0<\/strong><a href=\"http:\/\/www.caririemacao.com\/\"><strong>caririemacao.com<\/strong><\/a><strong>, siga nossa p\u00e1gina no\u00a0<\/strong><a href=\"https:\/\/www.facebook.com\/CaririEmAcao\/?ref=aymt_homepage_panel\"><strong>Facebook<\/strong><\/a>,<strong>\u00a0<\/strong><a href=\"https:\/\/www.instagram.com\/cariri_em_acao\/?hl=pt-br\"><strong>Instagram<\/strong><\/a><strong>\u00a0e\u00a0<\/strong><a href=\"https:\/\/www.youtube.com\/channel\/UCAptA0jQuYQy8vMhLt2m4qg\"><strong>Youtube<\/strong><\/a><strong>\u00a0e veja nossas mat\u00e9rias, v\u00eddeos e fotos. Voc\u00ea tamb\u00e9m pode enviar informa\u00e7\u00f5es \u00e0 Reda\u00e7\u00e3o do Portal Cariri em A\u00e7\u00e3o pelo WhatsApp (83) 9 9634.5791, (83) 9 9601-1162.<\/strong><\/p>\n","protected":false},"excerpt":{"rendered":"<p>A Fifa divulgou nessa sexta-feira (9) as sedes e os hot\u00e9is das 32 sele\u00e7\u00f5es da Copa do Mundo da R\u00fassia e confirmou tamb\u00e9m os campos&hellip; <\/p>\n","protected":false},"author":2,"featured_media":40480,"comment_status":"closed","ping_status":"closed","sticky":false,"template":"","format":"standard","meta":{"sfsi_plus_gutenberg_text_before_share":"","sfsi_plus_gutenberg_show_text_before_share":"","sfsi_plus_gutenberg_icon_type":"","sfsi_plus_gutenberg_icon_alignemt":"","sfsi_plus_gutenburg_max_per_row":"","footnotes":""},"categories":[13],"tags":[],"class_list":["post-40479","post","type-post","status-publish","format-standard","has-post-thumbnail","hentry","category-esportes"],"_links":{"self":[{"href":"https:\/\/www.caririemacao.com\/1\/wp-json\/wp\/v2\/posts\/40479","targetHints":{"allow":["GET"]}}],"collection":[{"href":"https:\/\/www.caririemacao.com\/1\/wp-json\/wp\/v2\/posts"}],"about":[{"href":"https:\/\/www.caririemacao.com\/1\/wp-json\/wp\/v2\/types\/post"}],"author":[{"embeddable":true,"href":"https:\/\/www.caririemacao.com\/1\/wp-json\/wp\/v2\/users\/2"}],"replies":[{"embeddable":true,"href":"https:\/\/www.caririemacao.com\/1\/wp-json\/wp\/v2\/comments?post=40479"}],"version-history":[{"count":0,"href":"https:\/\/www.caririemacao.com\/1\/wp-json\/wp\/v2\/posts\/40479\/revisions"}],"wp:featuredmedia":[{"embeddable":true,"href":"https:\/\/www.caririemacao.com\/1\/wp-json\/wp\/v2\/media\/40480"}],"wp:attachment":[{"href":"https:\/\/www.caririemacao.com\/1\/wp-json\/wp\/v2\/media?parent=40479"}],"wp:term":[{"taxonomy":"category","embeddable":true,"href":"https:\/\/www.caririemacao.com\/1\/wp-json\/wp\/v2\/categories?post=40479"},{"taxonomy":"post_tag","embeddable":true,"href":"https:\/\/www.caririemacao.com\/1\/wp-json\/wp\/v2\/tags?post=40479"}],"curies":[{"name":"wp","href":"https:\/\/api.w.org\/{rel}","templated":true}]}}