{"id":40485,"date":"2018-02-10T07:14:16","date_gmt":"2018-02-10T10:14:16","guid":{"rendered":"http:\/\/caririemacao.com\/1\/?p=40485"},"modified":"2018-02-10T07:14:16","modified_gmt":"2018-02-10T10:14:16","slug":"o-volume-do-seu-cabelo-diminuiu-cuidado-pode-ser-alopecia","status":"publish","type":"post","link":"https:\/\/www.caririemacao.com\/1\/2018\/02\/10\/o-volume-do-seu-cabelo-diminuiu-cuidado-pode-ser-alopecia\/","title":{"rendered":"O volume do seu cabelo diminuiu? Cuidado, pode ser alopecia"},"content":{"rendered":"<p>O termo \u00e9 estranho, mas descreve um problema recorrente para ambos os sexos: a perda excessiva de cabelo. A m\u00e9dia normal de queda varia entre\u00a0100 e 150 fios por dia. Estatisticamente, a calv\u00edcie afeta mais os homens do que as mulheres, por\u00e9m, elas n\u00e3o est\u00e3o a salvo. \u00c9 preciso estar atenta\u00a0\u00e0 sa\u00fade das\u00a0madeixas e do couro cabeludo, pois o diagn\u00f3stico precoce \u00e9 essencial para obter bons resultados.<\/p>\n<p>\u201cA alopecia androgen\u00e9tica \u00e9 um afinamento progressivo dos fios, ent\u00e3o, na realidade, n\u00e3o tem queda de cabelo.\u00a0Ele vai sumindo e ficando ralo\u201d, explica\u00a0Leonardo Spagnol, m\u00e9dico dermatologista da Sociedade Brasileira de Dermatologia (SBD).<\/p>\n<p>A causa da doen\u00e7a \u00e9 a soma de dois fatores: predisposi\u00e7\u00e3o gen\u00e9tica, normalmente, por parte da m\u00e3e, e o excesso de horm\u00f4nio masculino. Por\u00e9m, segundo o especialista, n\u00e3o existe uma regra. \u201cEm alguns casos, os exames mostram n\u00edveis de testosterona normais. \u00c0s vezes, a pessoa tem\u00a0isso [o horm\u00f4nio] em excesso e a condi\u00e7\u00e3o n\u00e3o se manifesta\u00a0pela aus\u00eancia do tra\u00e7o heredit\u00e1rio\u201d, disse.<\/p>\n<p>De acordo com a Sociedade Brasileira do Cabelo (SBC), 50% das mulheres t\u00eam alguma queixa relacionada \u00e0 queda dos fios, e a calv\u00edcie atinge 5% da popula\u00e7\u00e3o feminina. Atualmente, elas representam 15% das cirurgias de transplante capilar e 40% dos tratamentos dermatol\u00f3gicos relacionados ao couro cabeludo.<\/p>\n<p>A Sociedade Brasileira de Dermatologia (SBD) tamb\u00e9m revelou dados alarmantes sobre a queda de cabelo feminina: 30% das mulheres do mundo sofrer\u00e3o com algum problema relacionado\u00a0\u00e0 calv\u00edcie ap\u00f3s os 50 anos de idade.<\/p>\n<figure id=\"attachment_40486\" aria-describedby=\"caption-attachment-40486\" style=\"width: 840px\" class=\"wp-caption aligncenter\"><a href=\"http:\/\/caririemacao.com\/1\/wp-content\/uploads\/2018\/02\/iStock-651750418.jpg\"><img fetchpriority=\"high\" decoding=\"async\" class=\"size-full wp-image-40486\" src=\"http:\/\/caririemacao.com\/1\/wp-content\/uploads\/2018\/02\/iStock-651750418.jpg\" alt=\"\" width=\"840\" height=\"420\" srcset=\"https:\/\/www.caririemacao.com\/1\/wp-content\/uploads\/2018\/02\/iStock-651750418.jpg 840w, https:\/\/www.caririemacao.com\/1\/wp-content\/uploads\/2018\/02\/iStock-651750418-300x150.jpg 300w, https:\/\/www.caririemacao.com\/1\/wp-content\/uploads\/2018\/02\/iStock-651750418-768x384.jpg 768w\" sizes=\"(max-width: 840px) 100vw, 840px\" \/><\/a><figcaption id=\"caption-attachment-40486\" class=\"wp-caption-text\">Spagnol orienta que a paciente observe mudan\u00e7as na quantidade de cabelo em seu dia a dia. Nas mulheres, a forma mais simples de identificar a perda \u00e9 por meio da diminui\u00e7\u00e3o do rabo de cavalo. Se ele for ficando mais fino, \u00e9 importante procurar um m\u00e9dico. Nos homens, a rarefa\u00e7\u00e3o nas regi\u00f5es chamadas de entradas e coroa \u00e9 mais evidente. \u201cA grande diferen\u00e7a da doen\u00e7a entre\u00a0os sexos \u00e9 que\u00a0elas n\u00e3o ficam careca.\u201d<br \/>Por ser originada a partir de uma condi\u00e7\u00e3o gen\u00e9tica, (ainda) n\u00e3o \u00e9 poss\u00edvel curar de maneira definitiva a alopecia androgen\u00e9tica, mas existem tratamentos que podem fortalecer e estimular o crescimento de novos cabelos. As mais frequentes s\u00e3o: uso cont\u00ednuo de t\u00f4nicos capilares, lasers de baixa pot\u00eancia e microagulhamento. Segundo Spagnol, o laser atua como um acelerador dos efeitos da medica\u00e7\u00e3o t\u00f3pica e sua\u00a0utiliza\u00e7\u00e3o n\u00e3o pode ser descontinuada. \u201c\u00c9 um tratamento para a vida toda. Se interromper,\u00a0as\u00a0madeixas voltam a cair\u201d, garante..<\/figcaption><\/figure>\n<p>Ap\u00f3s o diagn\u00f3stico, o tratamento\u00a0deve ser iniciado imediatamente,\u00a0para impedir que novos cabelos afinem e caiam. \u201cEm pessoas\u00a0com leves entradas e rarefa\u00e7\u00f5es, \u00e9 poss\u00edvel obter \u00f3timos resultados. Em casos mais graves e avan\u00e7ados, s\u00f3 o transplante resolve\u201d, orienta o dermatologista.\u00a0A indica\u00e7\u00e3o do tratamento adequado, segundo ele, cabe a um profissional.<\/p>\n<p>No consult\u00f3rio do Dr. Leonardo Spagnol, 90% dos atendimentos s\u00e3o referentes\u00a0a cabelo. Pesquisas indicam que 80% dos homens de at\u00e9 60 anos j\u00e1 apresentam algum grau de calv\u00edcie.\u00a0Nas mulheres, a porcentagem \u00e9 um pouco menor, apenas 50%. Entretanto, o m\u00e9dico tem pacientes com 15 ou 16 anos j\u00e1 envolvidos com o tratamento.\u00a0Segundo o especialista, o momento \u00e9 de mudan\u00e7a de comportamento, pois as pessoas est\u00e3o cada dia mais vaidosas e buscando solu\u00e7\u00f5es para problemas antigos, at\u00e9 ent\u00e3o, ignorados.<\/p>\n<p><strong>CARIRI EM A\u00c7\u00c3O<\/strong><\/p>\n<p><em>Com Metr\u00f3poles\/Foto:\u00a0Metr\u00f3poles<\/em><\/p>\n<p><strong>Leia mais not\u00edcias em\u00a0<\/strong><a href=\"http:\/\/www.caririemacao.com\/\"><strong>caririemacao.com<\/strong><\/a><strong>, siga nossa p\u00e1gina no\u00a0<\/strong><a href=\"https:\/\/www.facebook.com\/CaririEmAcao\/?ref=aymt_homepage_panel\"><strong>Facebook<\/strong><\/a>,<strong>\u00a0<\/strong><a href=\"https:\/\/www.instagram.com\/cariri_em_acao\/?hl=pt-br\"><strong>Instagram<\/strong><\/a><strong>\u00a0e\u00a0<\/strong><a href=\"https:\/\/www.youtube.com\/channel\/UCAptA0jQuYQy8vMhLt2m4qg\"><strong>Youtube<\/strong><\/a><strong>\u00a0e veja nossas mat\u00e9rias, v\u00eddeos e fotos. Voc\u00ea tamb\u00e9m pode enviar informa\u00e7\u00f5es \u00e0 Reda\u00e7\u00e3o do Portal Cariri em A\u00e7\u00e3o pelo WhatsApp (83) 9 9634.5791, (83) 9 9601-1162.<\/strong><\/p>\n","protected":false},"excerpt":{"rendered":"<p>O termo \u00e9 estranho, mas descreve um problema recorrente para ambos os sexos: a perda excessiva de cabelo. A m\u00e9dia normal de queda varia entre\u00a0100&hellip; <\/p>\n","protected":false},"author":2,"featured_media":40487,"comment_status":"closed","ping_status":"closed","sticky":false,"template":"","format":"standard","meta":{"sfsi_plus_gutenberg_text_before_share":"","sfsi_plus_gutenberg_show_text_before_share":"","sfsi_plus_gutenberg_icon_type":"","sfsi_plus_gutenberg_icon_alignemt":"","sfsi_plus_gutenburg_max_per_row":"","footnotes":""},"categories":[16],"tags":[],"class_list":["post-40485","post","type-post","status-publish","format-standard","has-post-thumbnail","hentry","category-saude"],"_links":{"self":[{"href":"https:\/\/www.caririemacao.com\/1\/wp-json\/wp\/v2\/posts\/40485","targetHints":{"allow":["GET"]}}],"collection":[{"href":"https:\/\/www.caririemacao.com\/1\/wp-json\/wp\/v2\/posts"}],"about":[{"href":"https:\/\/www.caririemacao.com\/1\/wp-json\/wp\/v2\/types\/post"}],"author":[{"embeddable":true,"href":"https:\/\/www.caririemacao.com\/1\/wp-json\/wp\/v2\/users\/2"}],"replies":[{"embeddable":true,"href":"https:\/\/www.caririemacao.com\/1\/wp-json\/wp\/v2\/comments?post=40485"}],"version-history":[{"count":0,"href":"https:\/\/www.caririemacao.com\/1\/wp-json\/wp\/v2\/posts\/40485\/revisions"}],"wp:featuredmedia":[{"embeddable":true,"href":"https:\/\/www.caririemacao.com\/1\/wp-json\/wp\/v2\/media\/40487"}],"wp:attachment":[{"href":"https:\/\/www.caririemacao.com\/1\/wp-json\/wp\/v2\/media?parent=40485"}],"wp:term":[{"taxonomy":"category","embeddable":true,"href":"https:\/\/www.caririemacao.com\/1\/wp-json\/wp\/v2\/categories?post=40485"},{"taxonomy":"post_tag","embeddable":true,"href":"https:\/\/www.caririemacao.com\/1\/wp-json\/wp\/v2\/tags?post=40485"}],"curies":[{"name":"wp","href":"https:\/\/api.w.org\/{rel}","templated":true}]}}