{"id":40492,"date":"2018-02-10T07:23:08","date_gmt":"2018-02-10T10:23:08","guid":{"rendered":"http:\/\/caririemacao.com\/1\/?p=40492"},"modified":"2018-02-10T07:23:08","modified_gmt":"2018-02-10T10:23:08","slug":"balneario-esta-pronto-para-receber-os-folioes","status":"publish","type":"post","link":"https:\/\/www.caririemacao.com\/1\/2018\/02\/10\/balneario-esta-pronto-para-receber-os-folioes\/","title":{"rendered":"Balne\u00e1rio est\u00e1 pronto para receber os foli\u00f5es"},"content":{"rendered":"<p>O balne\u00e1rio p\u00fablico de Camala\u00fa est\u00e1 praticamente pronto para receber os foli\u00f5es que vem brincar no maior e melhor Carnaval do Cariri Paraibano \u2013 Carnaval Solid\u00e1rio de Camala\u00fa.<\/p>\n<p>O balne\u00e1rio recebeu melhorias na parte estrutural e uma melhor organiza\u00e7\u00e3o, principalmente no que se diz as barracas m\u00f3veis. Recebeu tamb\u00e9m um nova pintura, deixando com um aspecto ainda mais agrad\u00e1vel.<\/p>\n<p>Ser\u00e3o tr\u00eas dias de festejo no Balne\u00e1rio P\u00fablico, onde s\u00e3o esperadas milhares de pessoas. A grande novidade, \u00e9 que a entrada ser\u00e1 1kg de alimento n\u00e3o perec\u00edvel, que depois ser\u00e3o doadas a fam\u00edlias carentes de Camala\u00fa.<\/p>\n<p>Outra novidade, \u00e9 que o Carnaval Solid\u00e1rio ser\u00e1 transmitido para todo o mundo ao vivo pelo portal Cariri em A\u00e7\u00e3o.<\/p>\n<p>Para uma melhor seguran\u00e7a, foram colocadas placas sinalizadoras para os banhistas. O evento contar\u00e1 com presen\u00e7a dos bombeiros.<\/p>\n<p>O Carnaval Solid\u00e1rio de Camala\u00fa, ter\u00e1 a seguinte programa\u00e7\u00e3o:<\/p>\n<p>S\u00e1bado (Pra\u00e7a de Evento)<\/p>\n<p>22:00 \u2013 Bhira e Banda Divertere<\/p>\n<p>01:00 \u2013 Novo Som Mix<\/p>\n<p>&nbsp;<\/p>\n<p>Domingo (Balne\u00e1rio P\u00fablico)<\/p>\n<p>12:00 \u2013 Tinho Wt<\/p>\n<p>14:30 \u2013 Forr\u00f3 Topado<\/p>\n<p>17:30 \u2013 Arrast\u00e3o at\u00e9 a cidade<\/p>\n<p>Na cidade acontece a noite o desfile das virgens<\/p>\n<p>&nbsp;<\/p>\n<p>Segunda (Balne\u00e1rio P\u00fablico)<\/p>\n<p>12:00 \u2013 Farra da Gal\u00eaga<\/p>\n<p>14:30 \u2013 Patr\u00f5es do Forr\u00f3<\/p>\n<p>No Distrito do Pindur\u00e3o<\/p>\n<p>13:00 \u2013 Vitinho Kabuloso<\/p>\n<p>&nbsp;<\/p>\n<p>Ter\u00e7a (Balne\u00e1rio P\u00fablico)<\/p>\n<p>12:00 \u2013 Bhira e Banda Divertere<\/p>\n<p>14:00 \u2013 Feiti\u00e7o de Menina<\/p>\n<p>17:30 \u2013 Arrast\u00e3o at\u00e9 a cidade<\/p>\n<p>Na cidade acontece o tradicional desfile do Bloco da Saudade, a partir das 20 horas<\/p>\n<p><strong>CARIRI EM A\u00c7\u00c3O<\/strong><\/p>\n<p><em>Com Camala\u00fa not\u00edcias\/Foto:\u00a0Camala\u00fa not\u00edcias<\/em><\/p>\n<p><strong>Leia mais not\u00edcias em\u00a0<\/strong><a href=\"http:\/\/www.caririemacao.com\/\"><strong>caririemacao.com<\/strong><\/a><strong>, siga nossa p\u00e1gina no\u00a0<\/strong><a href=\"https:\/\/www.facebook.com\/CaririEmAcao\/?ref=aymt_homepage_panel\"><strong>Facebook<\/strong><\/a>,<strong>\u00a0<\/strong><a href=\"https:\/\/www.instagram.com\/cariri_em_acao\/?hl=pt-br\"><strong>Instagram<\/strong><\/a><strong>\u00a0e\u00a0<\/strong><a href=\"https:\/\/www.youtube.com\/channel\/UCAptA0jQuYQy8vMhLt2m4qg\"><strong>Youtube<\/strong><\/a><strong>\u00a0e veja nossas mat\u00e9rias, v\u00eddeos e fotos. Voc\u00ea tamb\u00e9m pode enviar informa\u00e7\u00f5es \u00e0 Reda\u00e7\u00e3o do Portal Cariri em A\u00e7\u00e3o pelo WhatsApp (83) 9 9634.5791, (83) 9 9601-1162.<\/strong><\/p>\n","protected":false},"excerpt":{"rendered":"<p>O balne\u00e1rio p\u00fablico de Camala\u00fa est\u00e1 praticamente pronto para receber os foli\u00f5es que vem brincar no maior e melhor Carnaval do Cariri Paraibano \u2013 Carnaval&hellip; <\/p>\n","protected":false},"author":2,"featured_media":40493,"comment_status":"closed","ping_status":"closed","sticky":false,"template":"","format":"standard","meta":{"sfsi_plus_gutenberg_text_before_share":"","sfsi_plus_gutenberg_show_text_before_share":"","sfsi_plus_gutenberg_icon_type":"","sfsi_plus_gutenberg_icon_alignemt":"","sfsi_plus_gutenburg_max_per_row":"","footnotes":""},"categories":[6],"tags":[],"class_list":["post-40492","post","type-post","status-publish","format-standard","has-post-thumbnail","hentry","category-cidades"],"_links":{"self":[{"href":"https:\/\/www.caririemacao.com\/1\/wp-json\/wp\/v2\/posts\/40492","targetHints":{"allow":["GET"]}}],"collection":[{"href":"https:\/\/www.caririemacao.com\/1\/wp-json\/wp\/v2\/posts"}],"about":[{"href":"https:\/\/www.caririemacao.com\/1\/wp-json\/wp\/v2\/types\/post"}],"author":[{"embeddable":true,"href":"https:\/\/www.caririemacao.com\/1\/wp-json\/wp\/v2\/users\/2"}],"replies":[{"embeddable":true,"href":"https:\/\/www.caririemacao.com\/1\/wp-json\/wp\/v2\/comments?post=40492"}],"version-history":[{"count":0,"href":"https:\/\/www.caririemacao.com\/1\/wp-json\/wp\/v2\/posts\/40492\/revisions"}],"wp:featuredmedia":[{"embeddable":true,"href":"https:\/\/www.caririemacao.com\/1\/wp-json\/wp\/v2\/media\/40493"}],"wp:attachment":[{"href":"https:\/\/www.caririemacao.com\/1\/wp-json\/wp\/v2\/media?parent=40492"}],"wp:term":[{"taxonomy":"category","embeddable":true,"href":"https:\/\/www.caririemacao.com\/1\/wp-json\/wp\/v2\/categories?post=40492"},{"taxonomy":"post_tag","embeddable":true,"href":"https:\/\/www.caririemacao.com\/1\/wp-json\/wp\/v2\/tags?post=40492"}],"curies":[{"name":"wp","href":"https:\/\/api.w.org\/{rel}","templated":true}]}}