{"id":40497,"date":"2018-02-10T08:14:53","date_gmt":"2018-02-10T11:14:53","guid":{"rendered":"http:\/\/caririemacao.com\/1\/?p=40497"},"modified":"2018-02-10T08:14:53","modified_gmt":"2018-02-10T11:14:53","slug":"huck-retoma-consultas-sobre-candidatura","status":"publish","type":"post","link":"https:\/\/www.caririemacao.com\/1\/2018\/02\/10\/huck-retoma-consultas-sobre-candidatura\/","title":{"rendered":"Huck retoma consultas sobre candidatura"},"content":{"rendered":"<p>Nesta quinta-feira, 8, Huck jantou em S\u00e3o Paulo com FHC e na sexta tomou caf\u00e9 da manh\u00e3 com o economista Paulo Guedes. O fundador do banco Pactual, que atualmente aconselha o deputado federal e presidenci\u00e1vel Jair Bolsonaro (PSC-RJ), foi o primeiro a estimular Huck e calcular potencial eleitoral no apresentador da TV Globo. Ambos o incentivaram a manter o projeto.<\/p>\n<p>Segundo relatos de pessoas pr\u00f3ximas a Huck, ele disse ao economista que estava surpreso positivamente com as manifesta\u00e7\u00f5es de apoio que tem recebido de representantes do mundo pol\u00edtico mesmo depois de ter anunciado no fim do ano passado que n\u00e3o seria candidato. O apresentador voltou a se aconselhar com Guedes.<\/p>\n<p>Embora reitere que est\u00e1 alinhado com o correligion\u00e1rio Geraldo Alckmin (PSDB), Fernando Henrique tem sido um incentivador da candidatura de Huck argumentando que \u00e9 bom para o Pa\u00eds ter \u201cop\u00e7\u00f5es\u201d. Esta foi uma avalia\u00e7\u00e3o consensual durante um almo\u00e7o na ter\u00e7a-feira passada no apartamento do ex-presidente, no bairro de Higien\u00f3polis. O almo\u00e7o reuniu FHC, o presidente da C\u00e2mara, Rodrigo Maia (DEM-RJ), e o governador do Esp\u00edrito Santo, Paulo Hartung (MDB).<\/p>\n<p>A an\u00e1lise \u00e9 de que o campo pol\u00edtico que vai da centro esquerda \u2013 representada principalmente pelo PPS, sigla que tenta filiar Huck \u2013 aos partidos liberais precisa ter \u201calternativas\u201d ao governador paulista, que j\u00e1 foi lan\u00e7ado pr\u00e9-candidato, mas ainda n\u00e3o atingiu dois d\u00edgitos nas pesquisas de inten\u00e7\u00e3o de voto.<\/p>\n<p>Hartung \u00e9 cotado como poss\u00edvel vice de Huck. Roberto Freire, presidente do PPS, e o ex-presidente do Banco Central Arminio Fraga s\u00e3o interlocutores frequentes dele. Maia, que no fim do ano passado tentou atrair o apresentador para o DEM, mais recentemente passou a admitir que ele mesmo pode se candidatar.<\/p>\n<p>O destino de Huck \u00e9 tratado como uma decis\u00e3o de \u201cforo \u00edntimo\u201d, mas entre l\u00edderes pol\u00edticos a avalia\u00e7\u00e3o \u00e9 de que \u201co olho dele est\u00e1 brilhando\u201d. Com quem conversou nos \u00faltimos dias, o apresentador se mostra dividido entre o que deseja a \u201cpessoa f\u00edsica\u201d e as obriga\u00e7\u00f5es da \u201cpessoa jur\u00eddica\u201d. A \u201cpessoa f\u00edsica\u201d est\u00e1 propensa a enfrentar o desafio de uma candidatura, mas seus compromissos profissionais (contrato com TV e patrocinadores) pesam contra. A TV Globo refor\u00e7ou o pedido para que o apresentador se defina antes do fim de fevereiro \u2013 de prefer\u00eancia logo depois do carnaval. A nova grade de programa\u00e7\u00e3o da emissora estreia em abril. Uma decis\u00e3o de Huck vai causar impacto em toda a formata\u00e7\u00e3o da TV para 2018. Se decidir por disputar a Presid\u00eancia, a emissora deve tirar do ar o\u00a0<em>Caldeir\u00e3o do Huck<\/em>\u00a0e o programa de sua mulher, Ang\u00e9lica.<\/p>\n<p>\u201cEle est\u00e1 considerando a possibilidade\u201d, afirmou FHC. \u201cMas ele trabalha na Globo, tem um contrato e tem que pesar estas coisas todas. Ele tem que ver por qual seria o partido e como vai ser. Que eu saiba, n\u00e3o h\u00e1 uma decis\u00e3o por parte dele e n\u00e3o \u00e9 uma decis\u00e3o f\u00e1cil. \u00c9 uma decis\u00e3o que tem que ser dele. Eu n\u00e3o vou imaginar que eu possa influir, pois ele sabe a minha posi\u00e7\u00e3o.\u201d<\/p>\n<p>J\u00e1 Maia, agora pr\u00e9-candidato, v\u00ea com ceticismo a poss\u00edvel candidatura. \u201cSe ele escreveu mais de uma vez que n\u00e3o \u00e9 candidato, inclusive na Justi\u00e7a Eleitoral, n\u00e3o trabalho com esse assunto como uma op\u00e7\u00e3o. Se ele mudar de opini\u00e3o \u2013 e ele tem todo o direito de escrever uma coisa num dia e outra no outro \u2013, a\u00ed vai ser outro debate\u201d, disse \u00e0 TV Bandeirantes.<\/p>\n<p><strong>CARIRI EM A\u00c7\u00c3O<\/strong><\/p>\n<p><em>Com\u00a0Isto\u00c9<\/em><em>\u00a0\/Foto: Reprodu\u00e7\u00e3o Internet<\/em><\/p>\n<p><strong>Leia mais not\u00edcias em\u00a0<\/strong><a href=\"http:\/\/www.caririemacao.com\/\"><strong>caririemacao.com<\/strong><\/a><strong>, siga nossa p\u00e1gina no\u00a0<\/strong><a href=\"https:\/\/www.facebook.com\/CaririEmAcao\/?ref=aymt_homepage_panel\"><strong>Facebook<\/strong><\/a>,<strong>\u00a0<\/strong><a href=\"https:\/\/www.instagram.com\/cariri_em_acao\/?hl=pt-br\"><strong>Instagram<\/strong><\/a><strong>\u00a0e\u00a0<\/strong><a href=\"https:\/\/www.youtube.com\/channel\/UCAptA0jQuYQy8vMhLt2m4qg\"><strong>Youtube<\/strong><\/a><strong>\u00a0e veja nossas mat\u00e9rias, v\u00eddeos e fotos. Voc\u00ea tamb\u00e9m pode enviar informa\u00e7\u00f5es \u00e0 Reda\u00e7\u00e3o do Portal Cariri em A\u00e7\u00e3o pelo WhatsApp (83) 9 9634.5791, (83) 9 9601-1162.<\/strong><\/p>\n","protected":false},"excerpt":{"rendered":"<p>Nesta quinta-feira, 8, Huck jantou em S\u00e3o Paulo com FHC e na sexta tomou caf\u00e9 da manh\u00e3 com o economista Paulo Guedes. O fundador do&hellip; <\/p>\n","protected":false},"author":2,"featured_media":40498,"comment_status":"closed","ping_status":"closed","sticky":false,"template":"","format":"standard","meta":{"sfsi_plus_gutenberg_text_before_share":"","sfsi_plus_gutenberg_show_text_before_share":"","sfsi_plus_gutenberg_icon_type":"","sfsi_plus_gutenberg_icon_alignemt":"","sfsi_plus_gutenburg_max_per_row":"","footnotes":""},"categories":[1],"tags":[],"class_list":["post-40497","post","type-post","status-publish","format-standard","has-post-thumbnail","hentry","category-o-site"],"_links":{"self":[{"href":"https:\/\/www.caririemacao.com\/1\/wp-json\/wp\/v2\/posts\/40497","targetHints":{"allow":["GET"]}}],"collection":[{"href":"https:\/\/www.caririemacao.com\/1\/wp-json\/wp\/v2\/posts"}],"about":[{"href":"https:\/\/www.caririemacao.com\/1\/wp-json\/wp\/v2\/types\/post"}],"author":[{"embeddable":true,"href":"https:\/\/www.caririemacao.com\/1\/wp-json\/wp\/v2\/users\/2"}],"replies":[{"embeddable":true,"href":"https:\/\/www.caririemacao.com\/1\/wp-json\/wp\/v2\/comments?post=40497"}],"version-history":[{"count":0,"href":"https:\/\/www.caririemacao.com\/1\/wp-json\/wp\/v2\/posts\/40497\/revisions"}],"wp:featuredmedia":[{"embeddable":true,"href":"https:\/\/www.caririemacao.com\/1\/wp-json\/wp\/v2\/media\/40498"}],"wp:attachment":[{"href":"https:\/\/www.caririemacao.com\/1\/wp-json\/wp\/v2\/media?parent=40497"}],"wp:term":[{"taxonomy":"category","embeddable":true,"href":"https:\/\/www.caririemacao.com\/1\/wp-json\/wp\/v2\/categories?post=40497"},{"taxonomy":"post_tag","embeddable":true,"href":"https:\/\/www.caririemacao.com\/1\/wp-json\/wp\/v2\/tags?post=40497"}],"curies":[{"name":"wp","href":"https:\/\/api.w.org\/{rel}","templated":true}]}}