{"id":40504,"date":"2018-02-10T08:22:39","date_gmt":"2018-02-10T11:22:39","guid":{"rendered":"http:\/\/caririemacao.com\/1\/?p=40504"},"modified":"2018-02-10T08:22:39","modified_gmt":"2018-02-10T11:22:39","slug":"policia-federal-deve-pedir-arquivamento-de-investigacao-sobre-temer","status":"publish","type":"post","link":"https:\/\/www.caririemacao.com\/1\/2018\/02\/10\/policia-federal-deve-pedir-arquivamento-de-investigacao-sobre-temer\/","title":{"rendered":"Pol\u00edcia Federal deve pedir arquivamento de investiga\u00e7\u00e3o sobre Temer"},"content":{"rendered":"<p>Segundo informa\u00e7\u00e3o divulgada nesta sexta-feira (9) pela ag\u00eancia de not\u00edcias Reuters, a Pol\u00edcia Federal deve recomendar que a investiga\u00e7\u00e3o sobre o envolvimento do presidente Michel Temer com propinas no Porto de Santos seja descontinuada.<\/p>\n<p>O presidente Temer teria facilitado, ainda em 2017, a concess\u00e3o de \u00e1reas do porto para a administra\u00e7\u00e3o da empresa de log\u00edstica Rodrimar SA. O Porto de Santos \u00e9 o maior porto da Am\u00e9rica Latina.<\/p>\n<p>Segundo as\u00a0informa\u00e7\u00f5es divulgadas pela Reuters, a afirma\u00e7\u00e3o teria sido feita pelo Diretor Geral Fernando Segovia, em entrevista \u00e0 ag\u00eancia. Segovia apontou que as\u00a0investiga\u00e7\u00e3o n\u00e3o seguir\u00e3o devido \u00e0 falta de evid\u00eancias.O Diretor da PF afirma que n\u00e3o se p\u00f4de provar que houve pagamento de propina por parte da Rodrimar para garantir a extens\u00e3o, via\u00a0decreto, dos contratos de concess\u00e3o e arrendamento portu\u00e1rios. O decreto foi assinado por Temer em maio de 2017.<\/p>\n<p>Essa \u00e9 a \u00fanica investiga\u00e7\u00e3o em curso contra o presidente no Supremo Tribunal Federal (STF). A investiga\u00e7\u00e3o foi requerida pelo ent\u00e3o procurador-geral da Rep\u00fablica, Rodrigo Janot.<\/p>\n<p>Segovia afirmou \u00e0 Reuters que n\u00e3o h\u00e1 quaisquer ind\u00edcios de que o decreto editado pelo presidente beneficiou a Rodrimar. Segundo o diretor a empresa n\u00e3o tinha como se beneficiar de concess\u00f5es posteriores a 1993, per\u00edodo atingido pelas mudan\u00e7as do decreto.<\/p>\n<p class=\"marker-quote1\">&#8220;O que a gente v\u00ea \u00e9 que o pr\u00f3prio decreto em tese n\u00e3o ajudou a empresa. Em tese se houve corrup\u00e7\u00e3o ou ato de corrup\u00e7\u00e3o n\u00e3o se tem not\u00edcia do benef\u00edcio. O benef\u00edcio n\u00e3o existiu. N\u00e3o se fala e n\u00e3o se tem not\u00edcia ainda de dinheiro de corrup\u00e7\u00e3o, qual foi a ordem monet\u00e1ria, se \u00e9 que houve, at\u00e9 agora n\u00e3o apareceu absolutamente nada que desse base de ter uma corrup\u00e7\u00e3o&#8221;, afirmou \u00e0 ag\u00eancia.<\/p>\n<p>Para ele, a intercepta\u00e7\u00e3o de uma conversa entre o ex-deputado Rodrigo Rocha Loures, ex-assessor especial de Temer, e o subchefe de Assuntos Jur\u00eddicos da Casa Civil, Gustavo Rocha,\u00a0 o que seria a &#8220;principal prova obtida no inqu\u00e9rito&#8221;,\u00a0n\u00e3o mostra concord\u00e2ncia de Temer com o suposto benef\u00edcio.<\/p>\n<p class=\"marker-quote1\">&#8220;Ent\u00e3o, assim, os ind\u00edcios s\u00e3o muito fr\u00e1geis, na realidade, de que haja ou que houve algum tipo de influ\u00eancia realmente, porque em tese o decreto n\u00e3o foi feito para beneficiar aquela empresa&#8221;, disse Segovia.<\/p>\n<p>A investiga\u00e7\u00e3o apurava a suspeita de que Michel Temer teria recebido propina, por meio de Rocha Loures para liberar a concess\u00e3o \u00e0 Rodrimar. Tanto Rocha Loures, quanto Temer j\u00e1 depuseram no inqu\u00e9rito e negaram as\u00a0acusa\u00e7\u00f5es.<\/p>\n<p>J\u00e1 Rocha Loures chegou a ser preso em outra investiga\u00e7\u00e3o ap\u00f3s ser flagrado pela pr\u00f3pria Pol\u00edcia Federal carregando uma mala de dinheiro pago por um executivo da JBS. J\u00e1 solto, ele \u00e9 monitorado por tornozeleira eletr\u00f4nica e \u00e9 r\u00e9u no caso.<\/p>\n<p>Fernando Segovia assumiu o cargo em novembro de 2017, j\u00e1 durante o governo de Temer. Para ele, os depoimentos colhidos n\u00e3o comprovam os crimes.<\/p>\n<p class=\"marker-quote1\">&#8220;No final a gente pode at\u00e9 concluir que n\u00e3o houve crime. Porque ali, em tese, o que a gente tem visto, nos depoimentos as\u00a0pessoas t\u00eam reiteradamente confirmado que n\u00e3o houve nenhum tipo de corrup\u00e7\u00e3o, n\u00e3o h\u00e1 ind\u00edcios de realmente de qualquer tipo de recurso ou dinheiro envolvidos. H\u00e1 muitas conversas e poucas afirma\u00e7\u00f5es que levem realmente a que haja um crime&#8221;, disse.<\/p>\n<p>Na entrevista, ele ainda afirmou que h\u00e1 quest\u00f5es em aberto na investiga\u00e7\u00e3o e que nos pr\u00f3ximos tr\u00eas meses a investiga\u00e7\u00e3o chegar\u00e1 ao fim.<\/p>\n<p><strong>Cr\u00edticas a Janot<\/strong><\/p>\n<p>Fernando Segovia a investiga\u00e7\u00e3o instaurada por Janot contra Michel Temer.<\/p>\n<p class=\"marker-quote1\">Segundo ele Rodrigo Janot &#8220;deixou o tro\u00e7o muito aberto porque tem um espectro muito maior para ver se pega alguma coisa [\u2026] \u00c9 para ver se cata alguma coisa, corrup\u00e7\u00e3o, tr\u00e1fico de influ\u00eancia\u2026 vai que cai em alguma coisa?&#8221;, questionou. &#8220;A\u00ed voc\u00ea enquadra depois&#8221;, completou.<\/p>\n<p>Questionado pelos rep\u00f3rteres se o aprofundamento da investiga\u00e7\u00e3o serviria para evitar questionamentos da imprensa, ele afirmou.<\/p>\n<p>Perguntado se a apura\u00e7\u00e3o exaustiva tem por objetivo evitar questionamentos da imprensa, ele concordou. &#8220;Estamos fazendo\u00a0nosso trabalho, que \u00e9 a investiga\u00e7\u00e3o criminal. Ent\u00e3o tudo que for\u00a0ind\u00edcio que possa reportar uma possibilidade que ache uma prova que sustente esse tipo de acusa\u00e7\u00e3o a gente vai ter que checar. \u00c9 muito mais uma checagem de tudo que a gente tem para que no final n\u00e3o d\u00ea um veredicto \u2018olha checamos tudo e n\u00e3o tem nada&#8217;. \u2018Ah, mas voc\u00eas checaram tudo mesmo?&#8217;. Sim, foi tudo verificado&#8221;.<\/p>\n<p>Raquel Dodge, a atual procuradora geral da rep\u00fablica, tem o poder de acatar ou n\u00e3o a recomenda\u00e7\u00e3o afirmada por Fernando Segovia. Ela tamb\u00e9m poder\u00e1 decidir posteriormente se pede ao STF o arquivamento da investiga\u00e7\u00e3o, pedir mais dilig\u00eancias ou denunciar Michel Temer.<\/p>\n<p><strong>CARIRI EM A\u00c7\u00c3O<\/strong><\/p>\n<p><em>Politica ao minuto com\u00a0Sputnik Brasil<\/em><em>\u00a0\/Foto:\u00a0Alan Santos\/PR<\/em><\/p>\n<p><strong>Leia mais not\u00edcias em\u00a0<\/strong><a href=\"http:\/\/www.caririemacao.com\/\"><strong>caririemacao.com<\/strong><\/a><strong>, siga nossa p\u00e1gina no\u00a0<\/strong><a href=\"https:\/\/www.facebook.com\/CaririEmAcao\/?ref=aymt_homepage_panel\"><strong>Facebook<\/strong><\/a>,<strong>\u00a0<\/strong><a href=\"https:\/\/www.instagram.com\/cariri_em_acao\/?hl=pt-br\"><strong>Instagram<\/strong><\/a><strong>\u00a0e\u00a0<\/strong><a href=\"https:\/\/www.youtube.com\/channel\/UCAptA0jQuYQy8vMhLt2m4qg\"><strong>Youtube<\/strong><\/a><strong>\u00a0e veja nossas mat\u00e9rias, v\u00eddeos e fotos. Voc\u00ea tamb\u00e9m pode enviar informa\u00e7\u00f5es \u00e0 Reda\u00e7\u00e3o do Portal Cariri em A\u00e7\u00e3o pelo WhatsApp (83) 9 9634.5791, (83) 9 9601-1162.<\/strong><\/p>\n","protected":false},"excerpt":{"rendered":"<p>Segundo informa\u00e7\u00e3o divulgada nesta sexta-feira (9) pela ag\u00eancia de not\u00edcias Reuters, a Pol\u00edcia Federal deve recomendar que a investiga\u00e7\u00e3o sobre o envolvimento do presidente Michel&hellip; <\/p>\n","protected":false},"author":2,"featured_media":40505,"comment_status":"closed","ping_status":"closed","sticky":false,"template":"","format":"standard","meta":{"sfsi_plus_gutenberg_text_before_share":"","sfsi_plus_gutenberg_show_text_before_share":"","sfsi_plus_gutenberg_icon_type":"","sfsi_plus_gutenberg_icon_alignemt":"","sfsi_plus_gutenburg_max_per_row":"","footnotes":""},"categories":[11],"tags":[],"class_list":["post-40504","post","type-post","status-publish","format-standard","has-post-thumbnail","hentry","category-politica"],"_links":{"self":[{"href":"https:\/\/www.caririemacao.com\/1\/wp-json\/wp\/v2\/posts\/40504","targetHints":{"allow":["GET"]}}],"collection":[{"href":"https:\/\/www.caririemacao.com\/1\/wp-json\/wp\/v2\/posts"}],"about":[{"href":"https:\/\/www.caririemacao.com\/1\/wp-json\/wp\/v2\/types\/post"}],"author":[{"embeddable":true,"href":"https:\/\/www.caririemacao.com\/1\/wp-json\/wp\/v2\/users\/2"}],"replies":[{"embeddable":true,"href":"https:\/\/www.caririemacao.com\/1\/wp-json\/wp\/v2\/comments?post=40504"}],"version-history":[{"count":0,"href":"https:\/\/www.caririemacao.com\/1\/wp-json\/wp\/v2\/posts\/40504\/revisions"}],"wp:featuredmedia":[{"embeddable":true,"href":"https:\/\/www.caririemacao.com\/1\/wp-json\/wp\/v2\/media\/40505"}],"wp:attachment":[{"href":"https:\/\/www.caririemacao.com\/1\/wp-json\/wp\/v2\/media?parent=40504"}],"wp:term":[{"taxonomy":"category","embeddable":true,"href":"https:\/\/www.caririemacao.com\/1\/wp-json\/wp\/v2\/categories?post=40504"},{"taxonomy":"post_tag","embeddable":true,"href":"https:\/\/www.caririemacao.com\/1\/wp-json\/wp\/v2\/tags?post=40504"}],"curies":[{"name":"wp","href":"https:\/\/api.w.org\/{rel}","templated":true}]}}