{"id":40513,"date":"2018-02-10T08:31:26","date_gmt":"2018-02-10T11:31:26","guid":{"rendered":"http:\/\/caririemacao.com\/1\/?p=40513"},"modified":"2018-02-10T08:31:26","modified_gmt":"2018-02-10T11:31:26","slug":"preco-do-gas-pode-antecipar-reajuste-do-bolsa-familia","status":"publish","type":"post","link":"https:\/\/www.caririemacao.com\/1\/2018\/02\/10\/preco-do-gas-pode-antecipar-reajuste-do-bolsa-familia\/","title":{"rendered":"Pre\u00e7o do g\u00e1s pode antecipar reajuste do Bolsa Fam\u00edlia"},"content":{"rendered":"<p><span class=\"news_capital_letter\">O\u00a0<\/span>presidente Michel Temer considera antecipar para mar\u00e7o o reajuste do Bolsa Fam\u00edlia para compensar o aumento do pre\u00e7o do botij\u00e3o de g\u00e1s no pa\u00eds.<\/p>\n<p>A ideia inicial era elevar o benef\u00edcio social apenas em julho, como foi feito no ano retrasado, mas a alta do g\u00e1s de cozinha, a maior desde 2002, fez com que o governo mudasse os planos.<\/p>\n<p>Para este ano, a expectativa \u00e9 que o programa de transfer\u00eancia de renda tenha um reajuste acima da infla\u00e7\u00e3o oficial, que fechou o ano passado em 2,07%. No percentual de aumento, que ainda n\u00e3o foi definido, o Pal\u00e1cio do Planalto considera incluir um adicional para o botij\u00e3o de g\u00e1s, que em dezembro teve alta de 16,39% em rela\u00e7\u00e3o ao mesmo m\u00eas do ano anterior.<\/p>\n<p>Em entrevista na manh\u00e3 desta sexta-feira (9) o presidente afirmou que estuda uma maneira de compensar o aumento para a popula\u00e7\u00e3o mais pobre. Ele afirmou que um an\u00fancio ser\u00e1 feito nos pr\u00f3ximos dias, mas n\u00e3o deu mais detalhes.<\/p>\n<p>Segundo ele, \u00e9 necess\u00e1rio fazer algo uma vez que as fam\u00edlias mais carentes s\u00e3o as mais afetadas pelo encarecimento do botij\u00e3o de g\u00e1s.<\/p>\n<p><span class=\"news_bold\">VALE-G\u00c1S<\/span><\/p>\n<p>No in\u00edcio da tarde, o emedebista se reuniu com a equipe econ\u00f4mica, no Pal\u00e1cio do Planalto, para discutir possibilidades. No encontro, duas outras alternativas foram cogitadas.<\/p>\n<p>A primeira foi a cria\u00e7\u00e3o de um novo subs\u00eddio, uma esp\u00e9cie de vale-g\u00e1s, para pessoas inscritas no Cadastro \u00danico do governo federal, que re\u00fane fam\u00edlias de baixa renda. A segunda foi a cria\u00e7\u00e3o de uma verba direcionada no cart\u00e3o do Bolsa Fam\u00edlia para a compra de botij\u00e3o de g\u00e1s.<\/p>\n<p>O presidente pediu ao Minist\u00e9rio da Fazenda que aprofunde os estudos t\u00e9cnicos e jur\u00eddicos para saber da viabilidade de ambas.<\/p>\n<p>Antes da reuni\u00e3o, o ministro da Fazenda, Henrique Meirelles, afirmou que a quest\u00e3o do pre\u00e7o do g\u00e1s \u00e9 relevante e que existe uma preocupa\u00e7\u00e3o muito grande do governo sobre isso.<\/p>\n<p>A antecipa\u00e7\u00e3o do Bolsa Fam\u00edlia, nas palavras de um assessor presidencial, seria mais efetiva e f\u00e1cil de ser viabilizada no curto prazo.<\/p>\n<p>A redu\u00e7\u00e3o da carga tribut\u00e1ria sobre o g\u00e1s de cozinha tamb\u00e9m chegou a ser avaliada, mas o presidente a refutou, uma vez que ela n\u00e3o seria direcionada \u00e0s fam\u00edlias de baixa renda, mas a todas as camadas sociais.<\/p>\n<p>Em 2017, o governo n\u00e3o reajustou o Bolsa Fam\u00edlia.<\/p>\n<p>O presidente queria conceder um aumento de 4,6% como uma maneira de diminuir a sua rejei\u00e7\u00e3o, mas a \u00e1rea econ\u00f4mica avaliou que, em meio \u00e0 crise financeira, n\u00e3o havia espa\u00e7o or\u00e7ament\u00e1rio. O impacto do reajuste seria de R$ 800 milh\u00f5es.<\/p>\n<p>Mais cedo, em entrevista \u00e0 R\u00e1dio Gua\u00edba, o presidente afirmou que est\u00e1 pensando em uma solu\u00e7\u00e3o &#8220;para logo&#8221;. &#8220;Eu estou examinando uma f\u00f3rmula de compensar esse aumento para os mais pobres, naturalmente, para os mais pobres. Porque para os mais pobres \u00e9 que o g\u00e1s de cozinha sempre tem um efeito muito grande.&#8221;<\/p>\n<p>Em resposta \u00e0 pergunta sobre para quando seria essa solu\u00e7\u00e3o, respondeu: &#8220;Para logo&#8221;.<\/p>\n<p>Temer \u00e9 um dos presidentes mais impopulares da hist\u00f3ria. Na \u00faltima pesquisa do Datafolha, sua gest\u00e3o foi aprovada por apenas 6% do eleitorado.<\/p>\n<p><strong>CARIRI EM A\u00c7\u00c3O<\/strong><\/p>\n<p><em>Com\u00a0Folhapress<\/em><em>\u00a0\/Foto: Reprodu\u00e7\u00e3o google<\/em><\/p>\n<p><strong>Leia mais not\u00edcias em\u00a0<\/strong><a href=\"http:\/\/www.caririemacao.com\/\"><strong>caririemacao.com<\/strong><\/a><strong>, siga nossa p\u00e1gina no\u00a0<\/strong><a href=\"https:\/\/www.facebook.com\/CaririEmAcao\/?ref=aymt_homepage_panel\"><strong>Facebook<\/strong><\/a>,<strong>\u00a0<\/strong><a href=\"https:\/\/www.instagram.com\/cariri_em_acao\/?hl=pt-br\"><strong>Instagram<\/strong><\/a><strong>\u00a0e\u00a0<\/strong><a href=\"https:\/\/www.youtube.com\/channel\/UCAptA0jQuYQy8vMhLt2m4qg\"><strong>Youtube<\/strong><\/a><strong>\u00a0e veja nossas mat\u00e9rias, v\u00eddeos e fotos. Voc\u00ea tamb\u00e9m pode enviar informa\u00e7\u00f5es \u00e0 Reda\u00e7\u00e3o do Portal Cariri em A\u00e7\u00e3o pelo WhatsApp (83) 9 9634.5791, (83) 9 9601-1162.<\/strong><\/p>\n","protected":false},"excerpt":{"rendered":"<p>O\u00a0presidente Michel Temer considera antecipar para mar\u00e7o o reajuste do Bolsa Fam\u00edlia para compensar o aumento do pre\u00e7o do botij\u00e3o de g\u00e1s no pa\u00eds. A&hellip; <\/p>\n","protected":false},"author":2,"featured_media":40514,"comment_status":"closed","ping_status":"closed","sticky":false,"template":"","format":"standard","meta":{"sfsi_plus_gutenberg_text_before_share":"","sfsi_plus_gutenberg_show_text_before_share":"","sfsi_plus_gutenberg_icon_type":"","sfsi_plus_gutenberg_icon_alignemt":"","sfsi_plus_gutenburg_max_per_row":"","footnotes":""},"categories":[2],"tags":[],"class_list":["post-40513","post","type-post","status-publish","format-standard","has-post-thumbnail","hentry","category-geral"],"_links":{"self":[{"href":"https:\/\/www.caririemacao.com\/1\/wp-json\/wp\/v2\/posts\/40513","targetHints":{"allow":["GET"]}}],"collection":[{"href":"https:\/\/www.caririemacao.com\/1\/wp-json\/wp\/v2\/posts"}],"about":[{"href":"https:\/\/www.caririemacao.com\/1\/wp-json\/wp\/v2\/types\/post"}],"author":[{"embeddable":true,"href":"https:\/\/www.caririemacao.com\/1\/wp-json\/wp\/v2\/users\/2"}],"replies":[{"embeddable":true,"href":"https:\/\/www.caririemacao.com\/1\/wp-json\/wp\/v2\/comments?post=40513"}],"version-history":[{"count":0,"href":"https:\/\/www.caririemacao.com\/1\/wp-json\/wp\/v2\/posts\/40513\/revisions"}],"wp:featuredmedia":[{"embeddable":true,"href":"https:\/\/www.caririemacao.com\/1\/wp-json\/wp\/v2\/media\/40514"}],"wp:attachment":[{"href":"https:\/\/www.caririemacao.com\/1\/wp-json\/wp\/v2\/media?parent=40513"}],"wp:term":[{"taxonomy":"category","embeddable":true,"href":"https:\/\/www.caririemacao.com\/1\/wp-json\/wp\/v2\/categories?post=40513"},{"taxonomy":"post_tag","embeddable":true,"href":"https:\/\/www.caririemacao.com\/1\/wp-json\/wp\/v2\/tags?post=40513"}],"curies":[{"name":"wp","href":"https:\/\/api.w.org\/{rel}","templated":true}]}}