{"id":40520,"date":"2018-02-10T08:49:13","date_gmt":"2018-02-10T11:49:13","guid":{"rendered":"http:\/\/caririemacao.com\/1\/?p=40520"},"modified":"2018-02-10T08:49:13","modified_gmt":"2018-02-10T11:49:13","slug":"previsao-alerta-para-tempo-nublado-durante-feriadao-na-pb","status":"publish","type":"post","link":"https:\/\/www.caririemacao.com\/1\/2018\/02\/10\/previsao-alerta-para-tempo-nublado-durante-feriadao-na-pb\/","title":{"rendered":"Previs\u00e3o alerta para tempo nublado durante feriad\u00e3o na PB"},"content":{"rendered":"<p>Para quem n\u00e3o viajou neste feriad\u00e3o e vai curtir o carnaval na Para\u00edba, a previs\u00e3o do tempo para os pr\u00f3ximos dias \u00e9 de chuva, mas tamb\u00e9m de muito calor. As temperaturas registram m\u00e1xima de 36\u00b0 e m\u00ednima de 20\u00b0. A previs\u00e3o \u00e9 feita pelo Instituto Nacional de Meteorologia, pelo\u00a0site.<\/p>\n<p><strong>S\u00e1bado: 10\/02<\/strong><\/p>\n<p>Para o s\u00e1bado de carnaval, o tempo alternar\u00e1 entre nublado e parcialmente nublado, com pancadas de chuva e poss\u00edveis trovoadas isoladas. Os ventos ter\u00e3o intensidade fraca e moderada no decorrer do dia. A temperatura registra m\u00e1xima de 36\u00b0 e m\u00ednima de 20\u00b0.<\/p>\n<p><strong>Domingo: 11\/02<\/strong><\/p>\n<p>No domingo, a previs\u00e3o do tempo aponta para parcialmente nublado, com pancadas de chuva e trovoadas isoladas no Sert\u00e3o e pancadas de chuva na regi\u00e3o leste do estado. Nas demais regi\u00f5es h\u00e1 possibilidade de chuva em \u00e1reas isoladas. Os ventos ter\u00e3o intensidade fraca e moderada no decorrer do dia. A temperatura registra m\u00e1xima de 36\u00b0 e m\u00ednima de 20\u00b0.<\/p>\n<p><strong>Segunda: 12\/02<\/strong><\/p>\n<p>A previs\u00e3o do tempo para a segunda-feira de carnaval tamb\u00e9m alterna entre parcialmente nublado e nublado, com pancadas de chuva e trovoadas isoladas. H\u00e1 tamb\u00e9m a possibilidade de chuvas no Sert\u00e3o e demais \u00e1reas do estado. Os ventos ter\u00e3o intensidade fraca e moderada no decorrer do dia. A temperatura registra m\u00e1xima de 36\u00b0 e m\u00ednima de 20\u00b0.<\/p>\n<p><strong>Ter\u00e7a: 13\/02<\/strong><\/p>\n<p>A ter\u00e7a-feira de carnaval aponta, de acordo com a previs\u00e3o do tempo, prov\u00e1veis pancadas de chuva e trovoadas isoladas, por\u00e9m, com tempo predominantemente nublado. H\u00e1 previs\u00e3o de chuva para o Sert\u00e3o. Os ventos ter\u00e3o intensidade fraca e moderada no decorrer do dia. A temperatura registra m\u00e1xima de 36\u00b0 e m\u00ednima de 20\u00b0.<\/p>\n<p><strong>CARIRI EM A\u00c7\u00c3O<\/strong><\/p>\n<p><em>Com Portal Correio<\/em><em>\u00a0\/Foto: Reprodu\u00e7\u00e3o google<\/em><\/p>\n<p><strong>Leia mais not\u00edcias em\u00a0<\/strong><a href=\"http:\/\/www.caririemacao.com\/\"><strong>caririemacao.com<\/strong><\/a><strong>, siga nossa p\u00e1gina no\u00a0<\/strong><a href=\"https:\/\/www.facebook.com\/CaririEmAcao\/?ref=aymt_homepage_panel\"><strong>Facebook<\/strong><\/a>,<strong>\u00a0<\/strong><a href=\"https:\/\/www.instagram.com\/cariri_em_acao\/?hl=pt-br\"><strong>Instagram<\/strong><\/a><strong>\u00a0e\u00a0<\/strong><a href=\"https:\/\/www.youtube.com\/channel\/UCAptA0jQuYQy8vMhLt2m4qg\"><strong>Youtube<\/strong><\/a><strong>\u00a0e veja nossas mat\u00e9rias, v\u00eddeos e fotos. Voc\u00ea tamb\u00e9m pode enviar informa\u00e7\u00f5es \u00e0 Reda\u00e7\u00e3o do Portal Cariri em A\u00e7\u00e3o pelo WhatsApp (83) 9 9634.5791, (83) 9 9601-1162.<\/strong><\/p>\n","protected":false},"excerpt":{"rendered":"<p>Para quem n\u00e3o viajou neste feriad\u00e3o e vai curtir o carnaval na Para\u00edba, a previs\u00e3o do tempo para os pr\u00f3ximos dias \u00e9 de chuva, mas&hellip; <\/p>\n","protected":false},"author":2,"featured_media":40521,"comment_status":"closed","ping_status":"closed","sticky":false,"template":"","format":"standard","meta":{"sfsi_plus_gutenberg_text_before_share":"","sfsi_plus_gutenberg_show_text_before_share":"","sfsi_plus_gutenberg_icon_type":"","sfsi_plus_gutenberg_icon_alignemt":"","sfsi_plus_gutenburg_max_per_row":"","footnotes":""},"categories":[2],"tags":[],"class_list":["post-40520","post","type-post","status-publish","format-standard","has-post-thumbnail","hentry","category-geral"],"_links":{"self":[{"href":"https:\/\/www.caririemacao.com\/1\/wp-json\/wp\/v2\/posts\/40520","targetHints":{"allow":["GET"]}}],"collection":[{"href":"https:\/\/www.caririemacao.com\/1\/wp-json\/wp\/v2\/posts"}],"about":[{"href":"https:\/\/www.caririemacao.com\/1\/wp-json\/wp\/v2\/types\/post"}],"author":[{"embeddable":true,"href":"https:\/\/www.caririemacao.com\/1\/wp-json\/wp\/v2\/users\/2"}],"replies":[{"embeddable":true,"href":"https:\/\/www.caririemacao.com\/1\/wp-json\/wp\/v2\/comments?post=40520"}],"version-history":[{"count":0,"href":"https:\/\/www.caririemacao.com\/1\/wp-json\/wp\/v2\/posts\/40520\/revisions"}],"wp:featuredmedia":[{"embeddable":true,"href":"https:\/\/www.caririemacao.com\/1\/wp-json\/wp\/v2\/media\/40521"}],"wp:attachment":[{"href":"https:\/\/www.caririemacao.com\/1\/wp-json\/wp\/v2\/media?parent=40520"}],"wp:term":[{"taxonomy":"category","embeddable":true,"href":"https:\/\/www.caririemacao.com\/1\/wp-json\/wp\/v2\/categories?post=40520"},{"taxonomy":"post_tag","embeddable":true,"href":"https:\/\/www.caririemacao.com\/1\/wp-json\/wp\/v2\/tags?post=40520"}],"curies":[{"name":"wp","href":"https:\/\/api.w.org\/{rel}","templated":true}]}}