{"id":40523,"date":"2018-02-10T08:58:48","date_gmt":"2018-02-10T11:58:48","guid":{"rendered":"http:\/\/caririemacao.com\/1\/?p=40523"},"modified":"2018-02-10T08:58:48","modified_gmt":"2018-02-10T11:58:48","slug":"re-presa-na-operacao-gabarito-tem-prisao-revogada-pela-justica-federal-na-paraiba","status":"publish","type":"post","link":"https:\/\/www.caririemacao.com\/1\/2018\/02\/10\/re-presa-na-operacao-gabarito-tem-prisao-revogada-pela-justica-federal-na-paraiba\/","title":{"rendered":"R\u00e9 presa na Opera\u00e7\u00e3o Gabarito tem pris\u00e3o revogada pela Justi\u00e7a Federal na Para\u00edba"},"content":{"rendered":"<div class=\"mc-column content-text active-extra-styles active-capital-letter\" data-block-type=\"unstyled\" data-block-weight=\"64\" data-block-id=\"1\">\n<p class=\"content-text__container theme-color-primary-first-letter\" data-track-category=\"Link no Texto\" data-track-links=\"\">Uma mulher acusada de integrar o esquema de fraudes em concursos desarticulado pela Opera\u00e7\u00e3o Gabarito teve a pris\u00e3o preventiva revogada pelo juiz federal Manuel Maia de Vasconcelos Neto, da 16\u00aa Vara da Justi\u00e7a Federal na Para\u00edba, nesta sexta-feira (9). O julgamento dos r\u00e9us do caso passou a ser responsabilidade da Justi\u00e7a Federal, conforme decidiu o Superior Tribunal de Justi\u00e7a (STJ) no in\u00edcio deste m\u00eas.<\/p>\n<\/div>\n<div class=\"mc-column content-text active-extra-styles \" data-block-type=\"unstyled\" data-block-weight=\"60\" data-block-id=\"2\">\n<p class=\"content-text__container \" data-track-category=\"Link no Texto\" data-track-links=\"\">Segundo a assessoria da Justi\u00e7a Federal, a r\u00e9 Dayane Nascimento de Sousa teve a pris\u00e3o domiciliar revogada porque \u201cn\u00e3o h\u00e1 demonstra\u00e7\u00e3o ou pelo menos ind\u00edcios de que a requerente tenha capacidade de amea\u00e7ar a ordem p\u00fablica, porquanto a den\u00fancia n\u00e3o lhe atribui conduta que indique eventual periculosidade\u201d. Os pedidos de revoga\u00e7\u00e3o de pris\u00e3o de outros r\u00e9us ainda est\u00e3o sendo analisados.<\/p>\n<\/div>\n<div class=\"mc-column content-text active-extra-styles \" data-block-type=\"unstyled\" data-block-weight=\"46\" data-block-id=\"3\">\n<p class=\"content-text__container \" data-track-category=\"Link no Texto\" data-track-links=\"\">A Opera\u00e7\u00e3o Gabarito desarticulou uma organiza\u00e7\u00e3o criminosa tratada como &#8220;empresa&#8221; pelos mais de 82 suspeitos envolvidos, sendo 31 j\u00e1 presos pela pol\u00edcia. O grupo fraudou concursos em pelo menos 15 estados, aprovou mais de 500 pessoas e movimentou R$ 29 milh\u00f5es em 12 anos de atua\u00e7\u00e3o.<\/p>\n<\/div>\n<div class=\"mc-column content-text active-extra-styles \" data-block-type=\"unstyled\" data-block-weight=\"2\" data-block-id=\"4\">\n<p class=\"content-text__container \" data-track-category=\"Link no Texto\" data-track-links=\"\">Opera\u00e7\u00e3o Gabarito<\/p>\n<\/div>\n<div class=\"mc-column content-text active-extra-styles \" data-block-type=\"unstyled\" data-block-weight=\"57\" data-block-id=\"5\">\n<p class=\"content-text__container \" data-track-category=\"Link no Texto\" data-track-links=\"\">A a\u00e7\u00e3o desarticulou uma organiza\u00e7\u00e3o criminosa tratada como &#8220;empresa&#8221; pelos suspeitos envolvidos. Em quatro fases, foram 31 pessoas presas pela pol\u00edcia, incluindo dois irm\u00e3os que s\u00e3o considerados os chefes da organiza\u00e7\u00e3o pela pol\u00edcia. O grupo fraudou concursos em pelo menos 15 estados, aprovou mais de 500 pessoas e movimentou R$ 29 milh\u00f5es em 12 anos de atua\u00e7\u00e3o.<\/p>\n<\/div>\n<div class=\"mc-column content-text active-extra-styles \" data-block-type=\"unstyled\" data-block-weight=\"61\" data-block-id=\"6\">\n<p class=\"content-text__container \" data-track-category=\"Link no Texto\" data-track-links=\"\">Al\u00e9m dos 98 concursos p\u00fablicos municipais, estaduais e federais onde foram identificados ind\u00edcios de fraude pelos suspeito, o titular da Delegacia de Defrauda\u00e7\u00f5es e Falsifica\u00e7\u00f5es (DDF) de Jo\u00e3o Pessoa ainda disse que os criminosos j\u00e1 tinham uma agenda de concursos a serem fraudados em 2017 e 2018, incluindo o Enem 2017, cujas provas do primeiro dia foram aplicadas no domingo (5).<\/p>\n<\/div>\n<div data-track-category=\"fim do conteudo\" data-track-action=\"ultimo chunk conteudo\" data-track-noninteraction=\"false\" data-track-scroll=\"entrada completa viewport\">\n<div class=\"mc-column content-text active-extra-styles \" data-block-type=\"unstyled\" data-block-weight=\"28\" data-block-id=\"7\">\n<p class=\"content-text__container \" data-track-category=\"Link no Texto\" data-track-links=\"\">Os concursos teriam sido fraudados por um esquema criminoso que vendia um &#8220;kit completo de aprova\u00e7\u00e3o&#8221; por at\u00e9 10 vezes o valor do sal\u00e1rio pretendido para o cargo.<\/p>\n<p><strong>CARIRI EM A\u00c7\u00c3O<\/strong><\/p>\n<p><em>Com G1<\/em><em>\u00a0\/Foto: Reprodu\u00e7\u00e3o google<\/em><\/p>\n<p><strong>Leia mais not\u00edcias em\u00a0<\/strong><a href=\"http:\/\/www.caririemacao.com\/\"><strong>caririemacao.com<\/strong><\/a><strong>, siga nossa p\u00e1gina no\u00a0<\/strong><a href=\"https:\/\/www.facebook.com\/CaririEmAcao\/?ref=aymt_homepage_panel\"><strong>Facebook<\/strong><\/a>,<strong>\u00a0<\/strong><a href=\"https:\/\/www.instagram.com\/cariri_em_acao\/?hl=pt-br\"><strong>Instagram<\/strong><\/a><strong>\u00a0e\u00a0<\/strong><a href=\"https:\/\/www.youtube.com\/channel\/UCAptA0jQuYQy8vMhLt2m4qg\"><strong>Youtube<\/strong><\/a><strong>\u00a0e veja nossas mat\u00e9rias, v\u00eddeos e fotos. Voc\u00ea tamb\u00e9m pode enviar informa\u00e7\u00f5es \u00e0 Reda\u00e7\u00e3o do Portal Cariri em A\u00e7\u00e3o pelo WhatsApp (83) 9 9634.5791, (83) 9 9601-1162.<\/strong><\/p>\n<\/div>\n<\/div>\n","protected":false},"excerpt":{"rendered":"<p>Uma mulher acusada de integrar o esquema de fraudes em concursos desarticulado pela Opera\u00e7\u00e3o Gabarito teve a pris\u00e3o preventiva revogada pelo juiz federal Manuel Maia&hellip; <\/p>\n","protected":false},"author":2,"featured_media":36563,"comment_status":"closed","ping_status":"closed","sticky":false,"template":"","format":"standard","meta":{"sfsi_plus_gutenberg_text_before_share":"","sfsi_plus_gutenberg_show_text_before_share":"","sfsi_plus_gutenberg_icon_type":"","sfsi_plus_gutenberg_icon_alignemt":"","sfsi_plus_gutenburg_max_per_row":"","footnotes":""},"categories":[2],"tags":[],"class_list":["post-40523","post","type-post","status-publish","format-standard","has-post-thumbnail","hentry","category-geral"],"_links":{"self":[{"href":"https:\/\/www.caririemacao.com\/1\/wp-json\/wp\/v2\/posts\/40523","targetHints":{"allow":["GET"]}}],"collection":[{"href":"https:\/\/www.caririemacao.com\/1\/wp-json\/wp\/v2\/posts"}],"about":[{"href":"https:\/\/www.caririemacao.com\/1\/wp-json\/wp\/v2\/types\/post"}],"author":[{"embeddable":true,"href":"https:\/\/www.caririemacao.com\/1\/wp-json\/wp\/v2\/users\/2"}],"replies":[{"embeddable":true,"href":"https:\/\/www.caririemacao.com\/1\/wp-json\/wp\/v2\/comments?post=40523"}],"version-history":[{"count":0,"href":"https:\/\/www.caririemacao.com\/1\/wp-json\/wp\/v2\/posts\/40523\/revisions"}],"wp:featuredmedia":[{"embeddable":true,"href":"https:\/\/www.caririemacao.com\/1\/wp-json\/wp\/v2\/media\/36563"}],"wp:attachment":[{"href":"https:\/\/www.caririemacao.com\/1\/wp-json\/wp\/v2\/media?parent=40523"}],"wp:term":[{"taxonomy":"category","embeddable":true,"href":"https:\/\/www.caririemacao.com\/1\/wp-json\/wp\/v2\/categories?post=40523"},{"taxonomy":"post_tag","embeddable":true,"href":"https:\/\/www.caririemacao.com\/1\/wp-json\/wp\/v2\/tags?post=40523"}],"curies":[{"name":"wp","href":"https:\/\/api.w.org\/{rel}","templated":true}]}}