{"id":40525,"date":"2018-02-10T09:05:33","date_gmt":"2018-02-10T12:05:33","guid":{"rendered":"http:\/\/caririemacao.com\/1\/?p=40525"},"modified":"2018-02-10T09:05:33","modified_gmt":"2018-02-10T12:05:33","slug":"policia-captura-acusado-de-assassinar-vendedor-de-feiras-em-barra-de-santana-pb","status":"publish","type":"post","link":"https:\/\/www.caririemacao.com\/1\/2018\/02\/10\/policia-captura-acusado-de-assassinar-vendedor-de-feiras-em-barra-de-santana-pb\/","title":{"rendered":"Pol\u00edcia captura acusado de assassinar vendedor de feiras em Barra de Santana\/PB"},"content":{"rendered":"<p>Policiais civis do N\u00facleo de Homic\u00eddios de Queimadas cumpriram um Mandado de Pris\u00e3o Preventiva contra T\u00falio Barbosa Queir\u00f3z, acusado de ser um dos executores do comerciante campinense Salatiel Gon\u00e7alves da Costa, de 29 anos.<\/p>\n<p>Ele foi assassinado por engano, confundido com outra pessoa,\u00a0disse a pol\u00edcia.<\/p>\n<p>Salatiel era vendedor de cestas b\u00e1sicas e foi executado com oito tiros de pistola 9mm no dia 09 de janeiro deste ano em Barra de Santana.<\/p>\n<p>De acordo com o delegado Cl\u00e1udio Manoel, \u201cT\u00falio tinha uma rixa com um rapaz da regi\u00e3o de Barra de Santana, devido a uma morte de um familiar. A partir de ent\u00e3o esse rapaz come\u00e7ou a ser perseguido. T\u00falio, inclusive, teria tentado mat\u00e1-lo por tr\u00eas vezes\u201d.<\/p>\n<p>Cl\u00e1udio Manoel informou que durante estas buscas T\u00falio e o comparsa encontraram Salatiel em um carro e disparam v\u00e1rios tiros de pistola.No dia em que Salatiel foi morto, continua o delegado, \u201cT\u00falio e outra pessoa foram at\u00e9 a casa da de quem realmente eles queriam matar. L\u00e1 chegaram a efetuar v\u00e1rios disparos de pistola 9mm na casa. Como eles n\u00e3o encontraram sa\u00edram em busca nos arredores\u201d.<\/p>\n<p>\u201cSalatiel parecia muito com rapaz que eles procuravam (Salatiel parecia tamb\u00e9m ser \u00a0irm\u00e3o o rapaz que eles procuravam)\u201d.<\/p>\n<p>O policial finalizou dizendo que \u201ca gente chegou a conclus\u00e3o que Salatiel morreu por engano\u201d.<\/p>\n<p>A Pris\u00e3o Preventiva foi decretada pela comarca de Boqueir\u00e3o.<\/p>\n<p><strong>O CRIME<\/strong><\/p>\n<p>Salatiel Gon\u00e7alves da Costa, de 29 anos de idade, foi assassinado por volta das 12h30 com oito tiros de pistola \u201c9mm\u201d.<\/p>\n<p>O rapaz morava no Bairro Santa Cruz, em Campina Grande, mas o crime ocorreu no s\u00edtio \u201cParaibinha\u201d, em Barra de Santana, na regi\u00e3o de Queimadas.<\/p>\n<p>Nada foi roubado.<br \/>\nTestemunhas disseram que o homic\u00eddio foi cometido por dois ocupantes de uma moto de cor roxa e que estavam vestidos com roupas brancas.<\/p>\n<p><strong>CARIRI EM A\u00c7\u00c3O<\/strong><\/p>\n<p><em>Com M\u00e1rcio Rangel<\/em><em>\/Foto:\u00a0M\u00e1rcio Rangel<\/em><\/p>\n<p><strong>Leia mais not\u00edcias em\u00a0<\/strong><a href=\"http:\/\/www.caririemacao.com\/\"><strong>caririemacao.com<\/strong><\/a><strong>, siga nossa p\u00e1gina no\u00a0<\/strong><a href=\"https:\/\/www.facebook.com\/CaririEmAcao\/?ref=aymt_homepage_panel\"><strong>Facebook<\/strong><\/a>,<strong>\u00a0<\/strong><a href=\"https:\/\/www.instagram.com\/cariri_em_acao\/?hl=pt-br\"><strong>Instagram<\/strong><\/a><strong>\u00a0e\u00a0<\/strong><a href=\"https:\/\/www.youtube.com\/channel\/UCAptA0jQuYQy8vMhLt2m4qg\"><strong>Youtube<\/strong><\/a><strong>\u00a0e veja nossas mat\u00e9rias, v\u00eddeos e fotos. Voc\u00ea tamb\u00e9m pode enviar informa\u00e7\u00f5es \u00e0 Reda\u00e7\u00e3o do Portal Cariri em A\u00e7\u00e3o pelo WhatsApp (83) 9 9634.5791, (83) 9 9601-1162.<\/strong><\/p>\n","protected":false},"excerpt":{"rendered":"<p>Policiais civis do N\u00facleo de Homic\u00eddios de Queimadas cumpriram um Mandado de Pris\u00e3o Preventiva contra T\u00falio Barbosa Queir\u00f3z, acusado de ser um dos executores do&hellip; <\/p>\n","protected":false},"author":2,"featured_media":40526,"comment_status":"closed","ping_status":"closed","sticky":false,"template":"","format":"standard","meta":{"sfsi_plus_gutenberg_text_before_share":"","sfsi_plus_gutenberg_show_text_before_share":"","sfsi_plus_gutenberg_icon_type":"","sfsi_plus_gutenberg_icon_alignemt":"","sfsi_plus_gutenburg_max_per_row":"","footnotes":""},"categories":[12],"tags":[],"class_list":["post-40525","post","type-post","status-publish","format-standard","has-post-thumbnail","hentry","category-policia"],"_links":{"self":[{"href":"https:\/\/www.caririemacao.com\/1\/wp-json\/wp\/v2\/posts\/40525","targetHints":{"allow":["GET"]}}],"collection":[{"href":"https:\/\/www.caririemacao.com\/1\/wp-json\/wp\/v2\/posts"}],"about":[{"href":"https:\/\/www.caririemacao.com\/1\/wp-json\/wp\/v2\/types\/post"}],"author":[{"embeddable":true,"href":"https:\/\/www.caririemacao.com\/1\/wp-json\/wp\/v2\/users\/2"}],"replies":[{"embeddable":true,"href":"https:\/\/www.caririemacao.com\/1\/wp-json\/wp\/v2\/comments?post=40525"}],"version-history":[{"count":0,"href":"https:\/\/www.caririemacao.com\/1\/wp-json\/wp\/v2\/posts\/40525\/revisions"}],"wp:featuredmedia":[{"embeddable":true,"href":"https:\/\/www.caririemacao.com\/1\/wp-json\/wp\/v2\/media\/40526"}],"wp:attachment":[{"href":"https:\/\/www.caririemacao.com\/1\/wp-json\/wp\/v2\/media?parent=40525"}],"wp:term":[{"taxonomy":"category","embeddable":true,"href":"https:\/\/www.caririemacao.com\/1\/wp-json\/wp\/v2\/categories?post=40525"},{"taxonomy":"post_tag","embeddable":true,"href":"https:\/\/www.caririemacao.com\/1\/wp-json\/wp\/v2\/tags?post=40525"}],"curies":[{"name":"wp","href":"https:\/\/api.w.org\/{rel}","templated":true}]}}