{"id":40528,"date":"2018-02-10T14:18:39","date_gmt":"2018-02-10T17:18:39","guid":{"rendered":"http:\/\/caririemacao.com\/1\/?p=40528"},"modified":"2018-02-10T14:18:39","modified_gmt":"2018-02-10T17:18:39","slug":"policia-desarticula-cracolandia-na-feira-livre-de-campina-grande-e-consegue-deter-12-pessoas","status":"publish","type":"post","link":"https:\/\/www.caririemacao.com\/1\/2018\/02\/10\/policia-desarticula-cracolandia-na-feira-livre-de-campina-grande-e-consegue-deter-12-pessoas\/","title":{"rendered":"Pol\u00edcia desarticula \u2018cracol\u00e2ndia\u2019 na Feira Livre de Campina Grande e consegue deter 12 pessoas"},"content":{"rendered":"<p>Informa\u00e7\u00f5es an\u00f4nimas repassadas para o telefone 197 Disque Den\u00fancia da Secretaria de Estado da Seguran\u00e7a e da Defesa Social (Sesds) ajudaram os policiais civis da Delegacia de Repress\u00e3o a Entorpecentes (DRE) de Campina Grande a encontrar, no final da manh\u00e3 desta sexta-feira (9), um ponto de venda de drogas que funcionava na Feira Central da cidade. O local conhecido pela pr\u00e1tica do tr\u00e1fico fica em uma \u00e1rea batizada pelos usu\u00e1rios de entorpecentes como \u2018cracol\u00e2ndia\u2019.<\/p>\n<p>A casa foi descoberta durante uma opera\u00e7\u00e3o na \u00e1rea. Os policiais observaram um movimento suspeito no local, que tinha a entrada protegida por t\u00e1buas que dificultavam a vis\u00e3o do port\u00e3o, e, com isso, quem passava pela rua nem imaginava que por tr\u00e1s do amontoado de madeira existia um ponto de venda de drogas. O port\u00e3o dava acesso a um v\u00e3o com apar\u00eancia de abandonado \u2013 isso seria outro cuidado dos frequentadores do local, n\u00e3o deixar nenhum ind\u00edcio da pr\u00e1tica criminosa.<\/p>\n<p>Mas como eles n\u00e3o esperavam a presen\u00e7a dos policiais, dessa vez n\u00e3o tiveram tempo de fugir nem esconder as drogas. Doze pessoas, que estavam no local na hora da abordagem, foram detidas. Dessas, duas foram autuadas por tr\u00e1fico de drogas e associa\u00e7\u00e3o para o tr\u00e1fico. As demais foram ouvidas, enquadradas como usu\u00e1rios de entorpecentes e liberadas ap\u00f3s prestarem esclarecimentos ao delegado de Repress\u00e3o a Entorpecentes, Victor Melo.<\/p>\n<p>No local, a pol\u00edcia apreendeu pedras de crack, balan\u00e7a de precis\u00e3o, dinheiro trocado, material para fracionar a droga e embalar, cachimbos usados para fumar pedra de crack, balan\u00e7a de precis\u00e3o e outros objetos que configuram a atividade de tr\u00e1fico de drogas. As investiga\u00e7\u00f5es mostram que o local tamb\u00e9m era usado como ponto de prostitui\u00e7\u00e3o e que muitos usu\u00e1rios de drogas faziam isso em troca de pedras de crack. Os presos est\u00e3o recolhidos na Central de Pol\u00edcia aguardando pela audi\u00eancia de cust\u00f3dia.<\/p>\n<p><strong>CARIRI EM A\u00c7\u00c3O<\/strong><\/p>\n<p><em>Com PB hoje<\/em><em>\u00a0\/Foto: Reprodu\u00e7\u00e3o google<\/em><\/p>\n<p><strong>Leia mais not\u00edcias em\u00a0<\/strong><a href=\"http:\/\/www.caririemacao.com\/\"><strong>caririemacao.com<\/strong><\/a><strong>, siga nossa p\u00e1gina no\u00a0<\/strong><a href=\"https:\/\/www.facebook.com\/CaririEmAcao\/?ref=aymt_homepage_panel\"><strong>Facebook<\/strong><\/a>,<strong>\u00a0<\/strong><a href=\"https:\/\/www.instagram.com\/cariri_em_acao\/?hl=pt-br\"><strong>Instagram<\/strong><\/a><strong>\u00a0e\u00a0<\/strong><a href=\"https:\/\/www.youtube.com\/channel\/UCAptA0jQuYQy8vMhLt2m4qg\"><strong>Youtube<\/strong><\/a><strong>\u00a0e veja nossas mat\u00e9rias, v\u00eddeos e fotos. Voc\u00ea tamb\u00e9m pode enviar informa\u00e7\u00f5es \u00e0 Reda\u00e7\u00e3o do Portal Cariri em A\u00e7\u00e3o pelo WhatsApp (83) 9 9634.5791, (83) 9 9601-1162.<\/strong><\/p>\n","protected":false},"excerpt":{"rendered":"<p>Informa\u00e7\u00f5es an\u00f4nimas repassadas para o telefone 197 Disque Den\u00fancia da Secretaria de Estado da Seguran\u00e7a e da Defesa Social (Sesds) ajudaram os policiais civis da&hellip; <\/p>\n","protected":false},"author":2,"featured_media":40529,"comment_status":"closed","ping_status":"closed","sticky":false,"template":"","format":"standard","meta":{"sfsi_plus_gutenberg_text_before_share":"","sfsi_plus_gutenberg_show_text_before_share":"","sfsi_plus_gutenberg_icon_type":"","sfsi_plus_gutenberg_icon_alignemt":"","sfsi_plus_gutenburg_max_per_row":"","footnotes":""},"categories":[12],"tags":[],"class_list":["post-40528","post","type-post","status-publish","format-standard","has-post-thumbnail","hentry","category-policia"],"_links":{"self":[{"href":"https:\/\/www.caririemacao.com\/1\/wp-json\/wp\/v2\/posts\/40528","targetHints":{"allow":["GET"]}}],"collection":[{"href":"https:\/\/www.caririemacao.com\/1\/wp-json\/wp\/v2\/posts"}],"about":[{"href":"https:\/\/www.caririemacao.com\/1\/wp-json\/wp\/v2\/types\/post"}],"author":[{"embeddable":true,"href":"https:\/\/www.caririemacao.com\/1\/wp-json\/wp\/v2\/users\/2"}],"replies":[{"embeddable":true,"href":"https:\/\/www.caririemacao.com\/1\/wp-json\/wp\/v2\/comments?post=40528"}],"version-history":[{"count":0,"href":"https:\/\/www.caririemacao.com\/1\/wp-json\/wp\/v2\/posts\/40528\/revisions"}],"wp:featuredmedia":[{"embeddable":true,"href":"https:\/\/www.caririemacao.com\/1\/wp-json\/wp\/v2\/media\/40529"}],"wp:attachment":[{"href":"https:\/\/www.caririemacao.com\/1\/wp-json\/wp\/v2\/media?parent=40528"}],"wp:term":[{"taxonomy":"category","embeddable":true,"href":"https:\/\/www.caririemacao.com\/1\/wp-json\/wp\/v2\/categories?post=40528"},{"taxonomy":"post_tag","embeddable":true,"href":"https:\/\/www.caririemacao.com\/1\/wp-json\/wp\/v2\/tags?post=40528"}],"curies":[{"name":"wp","href":"https:\/\/api.w.org\/{rel}","templated":true}]}}