{"id":40531,"date":"2018-02-10T16:09:26","date_gmt":"2018-02-10T19:09:26","guid":{"rendered":"http:\/\/caririemacao.com\/1\/?p=40531"},"modified":"2018-02-10T16:09:26","modified_gmt":"2018-02-10T19:09:26","slug":"homem-e-assassinado-a-tiros-em-camalau-no-cariri","status":"publish","type":"post","link":"https:\/\/www.caririemacao.com\/1\/2018\/02\/10\/homem-e-assassinado-a-tiros-em-camalau-no-cariri\/","title":{"rendered":"Homem \u00e9 assassinado a tiros em Camala\u00fa, no Cariri"},"content":{"rendered":"<div class=\"td-post-content\">\n<div class=\"\" data-block=\"true\" data-editor=\"5jr2\" data-offset-key=\"c2r48-0-0\">\n<div class=\"_1mf _1mj\" data-offset-key=\"c2r48-0-0\"><span data-offset-key=\"c2r48-0-0\">Mais um homic\u00eddio foi registrado na cidade de\u00a0Camala\u00fa, no\u00a0Cariri, neste S\u00e1bado (10).\u00a0<\/span><\/div>\n<div data-offset-key=\"c2r48-0-0\"><\/div>\n<div class=\"_1mf _1mj\" data-offset-key=\"c2r48-0-0\">De acordo com informa\u00e7\u00e3o de populares, dois homens chegaram em uma moto e efetuaram diversos disparos na v\u00edtima que foi identificada como Ant\u00f4nio Lima de Brito, de 41 anos, mais conhecido por Toinho de D\u00e3o que veio a \u00f3bito ainda no local do homic\u00eddio no assentamento novo\u00a0mundo, sitio floresta, zona rural de\u00a0Camala\u00fa.<\/div>\n<\/div>\n<div class=\"\" data-block=\"true\" data-editor=\"5jr2\" data-offset-key=\"e85oe-0-0\">\n<div class=\"_1mf _1mj\" data-offset-key=\"e85oe-0-0\"><span data-offset-key=\"e85oe-0-0\">\u00a0<\/span><\/div>\n<\/div>\n<div class=\"\" data-block=\"true\" data-editor=\"5jr2\" data-offset-key=\"f35sa-0-0\">\n<div class=\"_1mf _1mj\" data-offset-key=\"f35sa-0-0\"><span data-offset-key=\"f35sa-0-0\">A\u00a0Pol\u00edcia\u00a0Militar foi at\u00e9 o local do crime, o caso ser\u00e1 encaminhado para investiga\u00e7\u00e3o na 14\u00ba DSPC em\u00a0Monteiro. O GEMOL foi acionado para fazer a remo\u00e7\u00e3o do corpo.<\/span><\/div>\n<\/div>\n<div class=\"\" data-block=\"true\" data-editor=\"5jr2\" data-offset-key=\"59sei-0-0\">\n<div class=\"_1mf _1mj\" data-offset-key=\"59sei-0-0\"><span data-offset-key=\"59sei-0-0\">\u00a0<\/span><\/div>\n<\/div>\n<div class=\"\" data-block=\"true\" data-editor=\"5jr2\" data-offset-key=\"d786k-0-0\">\n<div class=\"_1mf _1mj\" data-offset-key=\"d786k-0-0\"><span data-offset-key=\"d786k-0-0\">Segundo depoimento de alguns agricultores, Toinho de D\u00e3o foi preso em 1999 por ter assassinado uma pessoa, o que pode caracterizar vingan\u00e7a.<\/span><\/div>\n<\/div>\n<div id=\"quads-ad1\" class=\"quads-location quads-ad1\"><\/div>\n<div class=\"quads-location quads-ad1\"><strong>CARIRI EM A\u00c7\u00c3O<\/strong><em>Com Tv Cariri\/Foto: PM<\/em><\/p>\n<p><strong>Leia mais not\u00edcias em\u00a0<\/strong><a href=\"http:\/\/www.caririemacao.com\/\"><strong>caririemacao.com<\/strong><\/a><strong>, siga nossa p\u00e1gina no\u00a0<\/strong><a href=\"https:\/\/www.facebook.com\/CaririEmAcao\/?ref=aymt_homepage_panel\"><strong>Facebook<\/strong><\/a>,<strong>\u00a0<\/strong><a href=\"https:\/\/www.instagram.com\/cariri_em_acao\/?hl=pt-br\"><strong>Instagram<\/strong><\/a><strong>\u00a0e <\/strong><a href=\"https:\/\/www.youtube.com\/channel\/UCAptA0jQuYQy8vMhLt2m4qg\"><strong>Youtube<\/strong><\/a><strong>\u00a0e veja nossas mat\u00e9rias, v\u00eddeos e fotos. Voc\u00ea tamb\u00e9m pode enviar informa\u00e7\u00f5es \u00e0 Reda\u00e7\u00e3o do Portal Cariri em A\u00e7\u00e3o pelo WhatsApp (83) 9 9634.5791, (83) 9 9601-1162.<\/strong><\/p>\n<\/div>\n<div class=\"td-g-rec td-g-rec-id-content_bottom td_uid_3_5a7f3f6b7866f_rand td_block_template_1 \"><\/div>\n<\/div>\n","protected":false},"excerpt":{"rendered":"<p>Mais um homic\u00eddio foi registrado na cidade de\u00a0Camala\u00fa, no\u00a0Cariri, neste S\u00e1bado (10).\u00a0 De acordo com informa\u00e7\u00e3o de populares, dois homens chegaram em uma moto e&hellip; <\/p>\n","protected":false},"author":2,"featured_media":40532,"comment_status":"closed","ping_status":"closed","sticky":false,"template":"","format":"standard","meta":{"sfsi_plus_gutenberg_text_before_share":"","sfsi_plus_gutenberg_show_text_before_share":"","sfsi_plus_gutenberg_icon_type":"","sfsi_plus_gutenberg_icon_alignemt":"","sfsi_plus_gutenburg_max_per_row":"","footnotes":""},"categories":[12],"tags":[],"class_list":["post-40531","post","type-post","status-publish","format-standard","has-post-thumbnail","hentry","category-policia"],"_links":{"self":[{"href":"https:\/\/www.caririemacao.com\/1\/wp-json\/wp\/v2\/posts\/40531","targetHints":{"allow":["GET"]}}],"collection":[{"href":"https:\/\/www.caririemacao.com\/1\/wp-json\/wp\/v2\/posts"}],"about":[{"href":"https:\/\/www.caririemacao.com\/1\/wp-json\/wp\/v2\/types\/post"}],"author":[{"embeddable":true,"href":"https:\/\/www.caririemacao.com\/1\/wp-json\/wp\/v2\/users\/2"}],"replies":[{"embeddable":true,"href":"https:\/\/www.caririemacao.com\/1\/wp-json\/wp\/v2\/comments?post=40531"}],"version-history":[{"count":0,"href":"https:\/\/www.caririemacao.com\/1\/wp-json\/wp\/v2\/posts\/40531\/revisions"}],"wp:featuredmedia":[{"embeddable":true,"href":"https:\/\/www.caririemacao.com\/1\/wp-json\/wp\/v2\/media\/40532"}],"wp:attachment":[{"href":"https:\/\/www.caririemacao.com\/1\/wp-json\/wp\/v2\/media?parent=40531"}],"wp:term":[{"taxonomy":"category","embeddable":true,"href":"https:\/\/www.caririemacao.com\/1\/wp-json\/wp\/v2\/categories?post=40531"},{"taxonomy":"post_tag","embeddable":true,"href":"https:\/\/www.caririemacao.com\/1\/wp-json\/wp\/v2\/tags?post=40531"}],"curies":[{"name":"wp","href":"https:\/\/api.w.org\/{rel}","templated":true}]}}