{"id":40534,"date":"2018-02-11T08:20:07","date_gmt":"2018-02-11T11:20:07","guid":{"rendered":"http:\/\/caririemacao.com\/1\/?p=40534"},"modified":"2018-02-11T09:36:16","modified_gmt":"2018-02-11T12:36:16","slug":"ministerio-alerta-monteiro-e-boqueirao-para-risco-de-afogamentos","status":"publish","type":"post","link":"https:\/\/www.caririemacao.com\/1\/2018\/02\/11\/ministerio-alerta-monteiro-e-boqueirao-para-risco-de-afogamentos\/","title":{"rendered":"Minist\u00e9rio alerta Monteiro e Boqueir\u00e3o para risco de afogamentos"},"content":{"rendered":"<p>Al\u00e9m do monitoramento em Campina Grande, a Defesa Civil est\u00e1 alerta ainda para o munic\u00edpio de Monteiro e cidades pr\u00f3ximas ao canal da transposi\u00e7\u00e3o. Na manh\u00e3 deste s\u00e1bado (10), o \u00f3rg\u00e3o recebeu um aviso do Minist\u00e9rio da Integra\u00e7\u00e3o alertando sobre o aumento na vaz\u00e3o do canal do eixo leste, em Monteiro, por conta da utiliza\u00e7\u00e3o de duas novas bombas. Antes uma \u00e1rea seca, agora a regi\u00e3o recebe muita \u00e1gua da transposi\u00e7\u00e3o e das chuvas.<\/p>\n<p>\u201cA vaz\u00e3o da \u00e1gua vai aumentar junto a isso t\u00eam as chuvas que est\u00e3o caindo no Cariri e n\u00f3s sabemos que nesse per\u00edodo de Carnaval, principalmente, muitas pessoas usam o canal como \u00e1rea de lazer. Mas, por conta do maior volume de \u00e1gua, o risco de afogamento \u00e9 grande. A Defesa Civil alerta a popula\u00e7\u00e3o para que n\u00e3o utilize esses canais para banho\u201d, lembrou coordenador do Sistema de Defesa Civil em Campina Grande Ruiter Sans\u00e3o.<\/p>\n<p>Ele destacou ainda o aumento no volume de \u00e1gua no a\u00e7ude Epit\u00e1cio Pessoa, em Boqueir\u00e3o, e a necessidade de um plano de conting\u00eancia para o barramento, que \u00e9 um tipo de estrutura que controla o volume da \u00e1gua em determinados pontos. Boqueir\u00e3o fica na mesma regi\u00e3o de Monteiro e o a\u00e7ude da cidade recebe \u00e1gua da transposi\u00e7\u00e3o.<\/p>\n<p>\u201cN\u00f3s precisamos da seguran\u00e7a do Denocs, Aesa e dos \u00f3rg\u00e3os respons\u00e1veis pelo a\u00e7ude principalmente com rela\u00e7\u00e3o ao barramento. Vale lembrar que, por duas vezes (em 2011 e nos anos de 1990), equipes do Ex\u00e9rcito se dirigiram ao a\u00e7ude Epit\u00e1cio Pessoa e por muito pouco n\u00e3o foi dinamitado o barramento. \u00c9 importante lembrar isso para que o pior n\u00e3o aconte\u00e7a\u201d, Ruiter Sans\u00e3o, coordenador da Defesa Civil de Campina Grande.<\/p>\n<p>Foram registradas chuvas em 38 munic\u00edpios da Para\u00edba entre a noite dessa sexta-feira (9) e a manh\u00e3 deste s\u00e1bado (10).<\/p>\n<p><strong>CARIRI EM A\u00c7\u00c3O<\/strong><\/p>\n<p><em>Com Portal Correio\/Foto:Reprodu\u00e7\u00e3o Internet\u00a0<\/em><\/p>\n<p><strong>Leia mais not\u00edcias em\u00a0<\/strong><a href=\"http:\/\/www.caririemacao.com\/\"><strong>caririemacao.com<\/strong><\/a><strong>, siga nossa p\u00e1gina no\u00a0<\/strong><a href=\"https:\/\/www.facebook.com\/CaririEmAcao\/?ref=aymt_homepage_panel\"><strong>Facebook<\/strong><\/a>,<strong>\u00a0<\/strong><a href=\"https:\/\/www.instagram.com\/cariri_em_acao\/?hl=pt-br\"><strong>Instagram<\/strong><\/a><strong>\u00a0e <\/strong><a href=\"https:\/\/www.youtube.com\/channel\/UCAptA0jQuYQy8vMhLt2m4qg\"><strong>Youtube<\/strong><\/a><strong>\u00a0e veja nossas mat\u00e9rias, v\u00eddeos e fotos. Voc\u00ea tamb\u00e9m pode enviar informa\u00e7\u00f5es \u00e0 Reda\u00e7\u00e3o do Portal Cariri em A\u00e7\u00e3o pelo WhatsApp (83) 9 9634.5791, (83) 9 9601-1162.<\/strong><\/p>\n","protected":false},"excerpt":{"rendered":"<p>Al\u00e9m do monitoramento em Campina Grande, a Defesa Civil est\u00e1 alerta ainda para o munic\u00edpio de Monteiro e cidades pr\u00f3ximas ao canal da transposi\u00e7\u00e3o. Na&hellip; <\/p>\n","protected":false},"author":2,"featured_media":33415,"comment_status":"closed","ping_status":"closed","sticky":false,"template":"","format":"standard","meta":{"sfsi_plus_gutenberg_text_before_share":"","sfsi_plus_gutenberg_show_text_before_share":"","sfsi_plus_gutenberg_icon_type":"","sfsi_plus_gutenberg_icon_alignemt":"","sfsi_plus_gutenburg_max_per_row":"","footnotes":""},"categories":[6],"tags":[],"class_list":["post-40534","post","type-post","status-publish","format-standard","has-post-thumbnail","hentry","category-cidades"],"_links":{"self":[{"href":"https:\/\/www.caririemacao.com\/1\/wp-json\/wp\/v2\/posts\/40534","targetHints":{"allow":["GET"]}}],"collection":[{"href":"https:\/\/www.caririemacao.com\/1\/wp-json\/wp\/v2\/posts"}],"about":[{"href":"https:\/\/www.caririemacao.com\/1\/wp-json\/wp\/v2\/types\/post"}],"author":[{"embeddable":true,"href":"https:\/\/www.caririemacao.com\/1\/wp-json\/wp\/v2\/users\/2"}],"replies":[{"embeddable":true,"href":"https:\/\/www.caririemacao.com\/1\/wp-json\/wp\/v2\/comments?post=40534"}],"version-history":[{"count":0,"href":"https:\/\/www.caririemacao.com\/1\/wp-json\/wp\/v2\/posts\/40534\/revisions"}],"wp:featuredmedia":[{"embeddable":true,"href":"https:\/\/www.caririemacao.com\/1\/wp-json\/wp\/v2\/media\/33415"}],"wp:attachment":[{"href":"https:\/\/www.caririemacao.com\/1\/wp-json\/wp\/v2\/media?parent=40534"}],"wp:term":[{"taxonomy":"category","embeddable":true,"href":"https:\/\/www.caririemacao.com\/1\/wp-json\/wp\/v2\/categories?post=40534"},{"taxonomy":"post_tag","embeddable":true,"href":"https:\/\/www.caririemacao.com\/1\/wp-json\/wp\/v2\/tags?post=40534"}],"curies":[{"name":"wp","href":"https:\/\/api.w.org\/{rel}","templated":true}]}}